{"id":2627,"date":"2021-08-17T11:15:01","date_gmt":"2021-08-17T11:15:01","guid":{"rendered":"https:\/\/jardineriakuka.com\/blog\/tareas-del-mes-de-enero-n264\/"},"modified":"2021-08-17T11:15:01","modified_gmt":"2021-08-17T11:15:01","slug":"tareas-del-mes-de-enero-n264","status":"publish","type":"post","link":"https:\/\/jardineriakuka.com\/blog\/tareas-del-mes-de-enero-n264\/","title":{"rendered":"Tareas del mes de enero"},"content":{"rendered":"<p style=\"text-align: center;\"><strong>ENERO<\/strong><\/p>\n<p style=\"text-align: justify;\"><img loading=\"lazy\" decoding=\"async\" class=\"aligncenter size-thumbnail wp-image-1402\" src=\"http:\/\/www.jardineriakuka.com\/blog\/wp-content\/uploads\/2013\/12\/estampa-nevada-150x150.jpg\" alt=\"estampa-nevada-enero\" width=\"150\" height=\"150\" \/>A\u00f1o nuevo, vida nueva. Es un dicho que todos los amantes de la jardiner\u00eda esperamos que empiece a hacerse realidad m\u00e1s que nunca. Todos los a\u00f1os, cuando viajamos a la feria de Alicante, nos alegramos de ver los almendros y las acacias en flor.<\/p>\n<p style=\"text-align: justify;\">La diferencia de los trabajos del jard\u00edn entre los meses de diciembre y enero es muy similar. Donde empieza a haber algunas diferencias es en las zonas c\u00e1lidas del mediterr\u00e1neo y en sur de la pen\u00ednsula, siempre que nos acompa\u00f1e el buen tiempo.<\/p>\n<p style=\"text-align: justify;\">El invierno sigue su marcha, la mayor\u00eda de las plantas siguen en reposo, otras siguen su exposici\u00f3n de colores, como los <a title=\"Cycl\u00e1menes\" href=\"http:\/\/www.jardineriakuka.com\/vivaces-y-anuales\/3834-cyclamen.html\" target=\"_blank\" rel=\"noopener\">cicl\u00e1menes<\/a> y <a title=\"Pensamientos\" href=\"http:\/\/www.jardineriakuka.com\/vivaces-y-anuales\/2873-pensamientos.html\" target=\"_blank\" rel=\"noopener\">pensamientos<\/a>. Hay plantas que empiezan de nuevo su ciclo, como son las mimosas y los almendros que empiezan ya con su floraci\u00f3n. Aunque hemos de seguir teniendo cuidado, con las heladas, el viento y la nieve, un descuido podr\u00eda ser fatal.<\/p>\n<p style=\"text-align: center;\"><strong>TAREAS GENERALES<\/strong><\/p>\n<p style=\"text-align: left;\"><span style=\"color: #008000;\"><strong>1.<\/strong>\u00a0<strong>Plantar<\/strong><\/span>: Sigue siendo buena \u00e9poca para plantar \u00e1rboles y arbustos caducifolios, sobre todo a\u00a0<a title=\"Frutales en bolsa\" href=\"http:\/\/www.jardineriakuka.com\/734-frutales-en-bolsa\" target=\"_blank\" rel=\"noopener\">ra\u00edz desnuda o en bolsa<\/a>, siempre y cuando la tierra no est\u00e9 helada o empapada. Tambi\u00e9n se pueden plantar plantas de flor de temporada de invierno, como por ejemplo\u00a0<a title=\"Pensamientos\" href=\"http:\/\/www.jardineriakuka.com\/vivaces-y-anuales\/2873-pensamientos.html\" target=\"_blank\" rel=\"noopener\">pensamientos<\/a>, coles ornamentales,\u00a0<a title=\"Cycl\u00e1menes\" href=\"http:\/\/www.jardineriakuka.com\/vivaces-y-anuales\/3834-cyclamen.html\" target=\"_blank\" rel=\"noopener\">cycl\u00e1menes<\/a>, etc.<\/p>\n<figure id=\"attachment_1403\" aria-describedby=\"caption-attachment-1403\" style=\"width: 200px\" class=\"wp-caption alignleft\"><a href=\"http:\/\/www.jardineriakuka.com\/734-frutales-en-bolsa\" target=\"_blank\" rel=\"noopener\"><img loading=\"lazy\" decoding=\"async\" class=\"wp-image-1403 \" title=\"Frutales en bolsa\" src=\"http:\/\/www.jardineriakuka.com\/blog\/wp-content\/uploads\/2013\/12\/Copia-de-P1020623-300x300.jpg\" alt=\"Frutales en bolsa\" width=\"200\" height=\"200\" \/><\/a><figcaption id=\"caption-attachment-1403\" class=\"wp-caption-text\">Frutales en bolsa<\/figcaption><\/figure>\n<figure id=\"attachment_1404\" aria-describedby=\"caption-attachment-1404\" style=\"width: 260px\" class=\"wp-caption alignleft\"><a href=\"http:\/\/www.jardineriakuka.com\/vivaces-y-anuales\/3834-cyclamen.html\" target=\"_blank\" rel=\"noopener\"><img loading=\"lazy\" decoding=\"async\" class=\" wp-image-1404     \" src=\"http:\/\/www.jardineriakuka.com\/blog\/wp-content\/uploads\/2013\/12\/CYCLAMEN-MINI-HOLANDA-300x201.jpg\" alt=\"Cyclamen\" width=\"260\" height=\"220\" \/><\/a><figcaption id=\"caption-attachment-1404\" class=\"wp-caption-text\">Cyclamen<\/figcaption><\/figure>\n<p>&nbsp;<\/p>\n<p>&nbsp;<\/p>\n<p>&nbsp;<\/p>\n<p>&nbsp;<\/p>\n<p>&nbsp;<\/p>\n<p>&nbsp;<\/p>\n<p><strong><span style=\"color: #008000;\"><!--more--><\/span><\/strong><\/p>\n<p>&nbsp;<\/p>\n<p><strong><span style=\"color: #008000;\">2. <\/span><span style=\"color: #008000;\">Podar<\/span><\/strong>: Si se trata de arbustos, en invierno no se deben podar como mucho quitar las ramillas muertas, da\u00f1adas o malformadas. En zona de clima templado al final del mes de enero se puede empezar a realizar las podas, siempre y cuando llegue el buen tiempo.<\/p>\n<ul>\n<li>Haz la poda de los <a title=\"\u00c1rboles frutales\" href=\"http:\/\/www.jardineriakuka.com\/741-arboles-frutales\" target=\"_blank\" rel=\"noopener\">frutales<\/a> y <a title=\"\u00c4rboles ornamentales\" href=\"http:\/\/www.jardineriakuka.com\/37-plantas-arboles-ornamentales\" target=\"_blank\" rel=\"noopener\">\u00e1rboles ornamentales<\/a> que necesiten poda, excepto si van a dar flor en febrero.<\/li>\n<\/ul>\n<p><strong><span style=\"color: #008000;\"> 3. Regar<\/span><\/strong>: En caso de heladas debes mantener h\u00famedo el terreno, ya que el suelo h\u00famedo contra resta el efecto de las heladas. Tambi\u00e9n es muy importante para las plantas en <a title=\"Tiesto\" href=\"http:\/\/www.jardineriakuka.com\/buscar?controller=search&amp;orderby=position&amp;orderway=desc&amp;submit_search=&amp;search_query=tiesto\" target=\"_blank\" rel=\"noopener\">tiesto<\/a>, ya que aumenta la inercia t\u00e9rmica. Intente regar en las horas centrales del d\u00eda, ya que s\u00ed hay heladas ayudan a destrozar el hielo de la planta y mantenerla seca.<br \/>\n<span style=\"color: #008000;\"><strong>4. Mullir y acolchar el terreno<\/strong><\/span>: El fr\u00edo provoca el endurecimiento del sustrato: m\u00fallelo con la ayuda de una azada o azadilla para evitar que se compacte. Tambi\u00e9n es aconsejable para algunas plantas que no se hielen por las ra\u00edces.<br \/>\n<span style=\"color: #008000;\"><strong>5. Protecciones<\/strong><\/span>: Vigila que las fundas, mantas de invernaci\u00f3n, pantallas cortavientos y dem\u00e1s protecciones contra el viento y el fr\u00edo, para que cumplen bien su funci\u00f3n. Ventila los invernaderos, t\u00faneles y campanas los d\u00edas de sol.<\/p>\n<p style=\"text-align: center;\"><strong>\u00c1RBOLES, ARBUSTOS Y TREPADORAS<\/strong><\/p>\n<p style=\"text-align: left;\"><span style=\"color: #333399;\"><em><strong>Poda los <a title=\"Rosales\" href=\"http:\/\/www.jardineriakuka.com\/17-plantas-rosales\" target=\"_blank\" rel=\"noopener\">rosales <\/a>de pie bajo<\/strong><\/em><\/span><br \/>\nA partir de mediados de enero empieza la \u00e9poca de poda de los rosales, sobre todo en las zonas c\u00e1lidas, donde se observara que est\u00e1 moviendo ya sus yemas.<\/p>\n<ul>\n<li>Utiliza una tijera bien afilada, ajustada y limpia. El corte ha de ser obl\u00edcuo y neto. Es importante que no se astille la rama.<\/li>\n<li>Esparce abono completo o especial (<a title=\"Abono rosales\" href=\"http:\/\/www.jardineriakuka.com\/complementos-plantas-abonos\/112-abonos-rosales.html\" target=\"_blank\" rel=\"noopener\">Abono para rosales<\/a>) para rosales y entrecava ligeramente.<\/li>\n<li>Riegue completamente y proteja el cuello con mulching.<\/li>\n<\/ul>\n<p style=\"text-align: center;\"><strong> OTRAS TAREAS<\/strong><\/p>\n<p style=\"text-align: left;\"><span style=\"color: #ff6600;\"><strong><em>C\u00f3mo enfrentarse a heladas<\/em><\/strong><\/span><br \/>\nDelante de las heladas que se nos avecinan debemos tener en cuenta algunos aspectos:<\/p>\n<ul>\n<li>Si son heladas fuertes, hemos de dejar las tuber\u00edas del riego sin agua, para evitar reventones por el hielo.<\/li>\n<li>El c\u00e9sped: despu\u00e9s de una helada, hemos de abrir el riego, para intentar que desaparezcan las capas de hielo.<\/li>\n<li>Proteger las plantas con mantas t\u00e9rmicas, brezos, etc. Evitar\u00e1 que muchas plantas sensibles al fr\u00edo se hielen.<\/li>\n<li>Acolchar las plantas es muy importante, ya que muchas se hielan por las ra\u00edces.<\/li>\n<\/ul>\n<p style=\"text-align: left;\"><em><strong><span style=\"color: #ff6600;\">Quite la nieve de las ramas<\/span><\/strong><\/em><br \/>\nNo deje que se acumule mucha nieve sobre los \u00e1rboles, arbustos, setos y trepadoras del jard\u00edn. El exceso de peso podr\u00eda llegar a quebrar las ramas de algunos de nuestros ejemplares.<\/p>\n<p style=\"text-align: left;\"><span style=\"color: #ff6600;\"><em><strong>Guerra a la procesionaria<\/strong><\/em><\/span><br \/>\nAl final del invierno empiezan aparecer las orugas de la procesionaria, por esta raz\u00f3n debes empezar los tratamientos, siendo la mejor \u00e9poca del a\u00f1o para atacar los nidos de la oruga de la procesionaria. Los nidos se pueden ver en las ramas altas de pinos, abetos y cedros. De ellos salen las orugas al final del invierno para alimentarse de las hojas. Si no ves nidos, no hace falta realizar tratamientos, aunque debes estar atento por si observas algunas orugas. Existen varios m\u00e9todos para controlarla, (fumigar con <a title=\"Anti-orugas\" href=\"http:\/\/www.jardineriakuka.com\/fitosanitarios\/608-anti-orugas.html\" target=\"_blank\" rel=\"noopener\">anti orugas de flower<\/a>, feromonas, etc).<\/p>\n<p><em><strong><span style=\"color: #ff6600;\">Tratar el picudo de las palmeras<\/span> <\/strong><strong>\u00a0<\/strong><\/em>\u00a0 \u00a0 \u00a0 \u00a0 \u00a0 \u00a0 \u00a0 \u00a0 \u00a0 \u00a0 \u00a0 \u00a0 \u00a0 \u00a0 \u00a0 \u00a0 \u00a0 \u00a0 \u00a0 \u00a0 \u00a0 \u00a0 \u00a0 \u00a0 \u00a0 \u00a0 \u00a0 \u00a0 \u00a0 \u00a0 \u00a0 \u00a0 \u00a0 \u00a0 \u00a0 \u00a0 \u00a0 En zonas c\u00e1lidas, si a\u00fan no has tratado el picudo de las palmeras en el mes de diciembre debes empezar ya su tratamiento.En invierno las palmeras tienen una temperatura ideal en su interior y siguen sus ciclos, no tan r\u00e1pidos como en otras \u00e9pocas, pero siguen en marcha.<\/p>\n<p><span style=\"color: #ff6600;\"><strong><em>Poda de frutales<\/em><\/strong> <\/span>\u00a0 \u00a0 \u00a0 \u00a0 \u00a0 \u00a0 \u00a0 \u00a0 \u00a0 \u00a0 \u00a0 \u00a0 \u00a0 \u00a0 \u00a0 \u00a0 \u00a0 \u00a0 \u00a0 \u00a0 \u00a0 \u00a0 \u00a0 \u00a0 \u00a0 \u00a0 \u00a0 \u00a0 \u00a0 \u00a0 \u00a0 \u00a0 \u00a0 \u00a0 \u00a0 \u00a0 \u00a0 \u00a0 \u00a0 \u00a0 \u00a0 \u00a0 \u00a0 \u00a0 \u00a0 \u00a0 Empieza la poda de frutales, aunque nosotros siempre aconsejamos realizar su poda a finales del invierno. Despu\u00e9s de las podas es bueno hacer una desinfecci\u00f3n, tanto de hongos, como de plagas, y para ello ir\u00eda bien 1 fungicida como el \u201c<a title=\"Fungicida cuprebel\" href=\"http:\/\/www.jardineriakuka.com\/fitosanitarios\/587-fungicida-cobre-587.html\" target=\"_blank\" rel=\"noopener\">cuprebel<\/a>\u201d y un insecticida como el \u201c<a title=\"Anti cochinillas\" href=\"http:\/\/www.jardineriakuka.com\/fitosanitarios\/7284-anti-cochinillas-listo-uso.html\" target=\"_blank\" rel=\"noopener\">Anticochinillas<\/a>\u201d.<\/p>\n<p style=\"text-align: center;\"><strong>HUERTOS Y JARDINES<\/strong><\/p>\n<p>Hoy en d\u00eda y debido al cambio clim\u00e1tico, se pueden plantar huertos en muchos lugares, que hace solamente unos cuantos a\u00f1os era impensable.<\/p>\n<figure id=\"attachment_1406\" aria-describedby=\"caption-attachment-1406\" style=\"width: 300px\" class=\"wp-caption aligncenter\"><a href=\"http:\/\/www.jardineriakuka.com\/448-huerto-urbano\"><img loading=\"lazy\" decoding=\"async\" class=\" wp-image-1406\" src=\"http:\/\/www.jardineriakuka.com\/blog\/wp-content\/uploads\/2013\/12\/\u00f1\u00f1l-125-300x225.jpg\" alt=\"Huerto urbano Jardiner\u00eda Kuka\" width=\"300\" height=\"225\" \/><\/a><figcaption id=\"caption-attachment-1406\" class=\"wp-caption-text\">Huerto urbano Jardiner\u00eda Kuka<\/figcaption><\/figure>\n<p style=\"text-align: center;\">En esta \u00e9poca del a\u00f1o podemos plantar: <a title=\"Hort\u00edcolas\" href=\"http:\/\/www.jardineriakuka.com\/119-horticolas\" target=\"_blank\" rel=\"noopener\">lechugas, acelgas, espinacas, habas, nabos, coles, coliflores, lechugas, habas,<\/a> etc.<\/p>\n<p>Tambi\u00e9n puedes seguir adornando las <a title=\"Coniferas\" href=\"http:\/\/www.jardineriakuka.com\/76-coniferas\" target=\"_blank\" rel=\"noopener\">con\u00edferas<\/a>, ya que lucen mucho en nuestros jardines.<\/p>\n<p>Si hay zonas en el jard\u00edn donde se produce moho, debes de tratarlo con fungicida \u201c<a title=\"Cuprebel\" href=\"http:\/\/www.jardineriakuka.com\/fitosanitarios\/587-fungicida-cobre-587.html\" target=\"_blank\" rel=\"noopener\">Cuprebel<\/a>\u201d de Flower, para que se reseque.<\/p>\n<p>En las zonas c\u00e1lidas empieza a quitar las malas hierbas y a remover las tierras, aunque a\u00fan resulta un poco temprano para empezar con los abonados, se puede echar el esti\u00e9rcol a partir del inicio del buen tiempo.<\/p>\n<p>Tambi\u00e9n pueden empezarse a realizar los primeros <a title=\"Semillas de flores\" href=\"http:\/\/www.jardineriakuka.com\/376-flores\" target=\"_blank\" rel=\"noopener\">semilleros de plantas<\/a> y <a title=\"Semillas de hort\u00edcolas\" href=\"http:\/\/www.jardineriakuka.com\/148-horticolas\" target=\"_blank\" rel=\"noopener\">hortalizas<\/a> de verano, siempre a cubierto o en <a title=\"Invernaderos\" href=\"http:\/\/www.jardineriakuka.com\/buscar?controller=search&amp;orderby=position&amp;orderway=desc&amp;submit_search=&amp;search_query=invernadero\" target=\"_blank\" rel=\"noopener\">invernaderos<\/a>.<\/p>\n","protected":false},"excerpt":{"rendered":"<p>ENERO A\u00f1o nuevo, vida nueva. Es un dicho que todos los amantes de la jardiner\u00eda esperamos que empiece a hacerse realidad m\u00e1s que nunca. Todos los a\u00f1os, cuando viajamos a la feria de Alicante, nos alegramos de ver los almendros y las acacias en flor. La diferencia de los trabajos del jard\u00edn entre los meses [&hellip;]<\/p>\n","protected":false},"author":2,"featured_media":0,"comment_status":"closed","ping_status":"closed","sticky":false,"template":"","format":"standard","meta":{"footnotes":""},"categories":[1],"tags":[],"class_list":["post-2627","post","type-post","status-publish","format-standard","hentry","category-jardineria-kuka"],"_links":{"self":[{"href":"https:\/\/jardineriakuka.com\/blog\/wp-json\/wp\/v2\/posts\/2627","targetHints":{"allow":["GET"]}}],"collection":[{"href":"https:\/\/jardineriakuka.com\/blog\/wp-json\/wp\/v2\/posts"}],"about":[{"href":"https:\/\/jardineriakuka.com\/blog\/wp-json\/wp\/v2\/types\/post"}],"author":[{"embeddable":true,"href":"https:\/\/jardineriakuka.com\/blog\/wp-json\/wp\/v2\/users\/2"}],"replies":[{"embeddable":true,"href":"https:\/\/jardineriakuka.com\/blog\/wp-json\/wp\/v2\/comments?post=2627"}],"version-history":[{"count":0,"href":"https:\/\/jardineriakuka.com\/blog\/wp-json\/wp\/v2\/posts\/2627\/revisions"}],"wp:attachment":[{"href":"https:\/\/jardineriakuka.com\/blog\/wp-json\/wp\/v2\/media?parent=2627"}],"wp:term":[{"taxonomy":"category","embeddable":true,"href":"https:\/\/jardineriakuka.com\/blog\/wp-json\/wp\/v2\/categories?post=2627"},{"taxonomy":"post_tag","embeddable":true,"href":"https:\/\/jardineriakuka.com\/blog\/wp-json\/wp\/v2\/tags?post=2627"}],"curies":[{"name":"wp","href":"https:\/\/api.w.org\/{rel}","templated":true}]}}