{"id":2693,"date":"2021-08-17T11:15:03","date_gmt":"2021-08-17T11:15:03","guid":{"rendered":"https:\/\/jardineriakuka.com\/blog\/marzo-2-n330\/"},"modified":"2021-08-17T11:15:03","modified_gmt":"2021-08-17T11:15:03","slug":"marzo-2-n330","status":"publish","type":"post","link":"https:\/\/jardineriakuka.com\/blog\/marzo-2-n330\/","title":{"rendered":"Plantas de Marzo."},"content":{"rendered":"<p><span style=\"text-decoration: underline;\"><strong><a href=\"http:\/\/www.jardineriakuka.com\/blog\/wp-content\/uploads\/2016\/03\/dscn0679.jpg\"><img loading=\"lazy\" decoding=\"async\" class=\"alignleft  wp-image-3326\" src=\"http:\/\/www.jardineriakuka.com\/blog\/wp-content\/uploads\/2016\/03\/dscn0679.jpg\" alt=\"dscn0679\" width=\"81\" height=\"112\" \/><\/a>Cerezos \u00a0en \u00a0flor:<\/strong><\/span><\/p>\n<p>En el mes de Marzo, que ya se acerca la primavera y las horas de luz comienzan a ganar terreno a las largas noches de invierno, los <a href=\"http:\/\/jardineriakuka.com\/module\/categorysearch\/catesearch?fc=module&amp;module=categorysearch&amp;controller=catesearch&amp;orderby=position&amp;orderway=desc&amp;search_category=all&amp;search_query=cerezo&amp;submit_search=\">cerezos<\/a> de flor despliegan una de las floraciones m\u00e1s extraordinarias del a\u00f1o. Un espeso manto de nieve blanca o rosada, cubre sus ramas desnudas.<\/p>\n<p>&nbsp;<\/p>\n<p>&nbsp;<\/p>\n<p><span style=\"text-decoration: underline;\"><strong><a href=\"http:\/\/www.jardineriakuka.com\/blog\/wp-content\/uploads\/2016\/03\/6.jpg\"><img loading=\"lazy\" decoding=\"async\" class=\"  wp-image-3328 alignright\" src=\"http:\/\/www.jardineriakuka.com\/blog\/wp-content\/uploads\/2016\/03\/6.jpg\" alt=\"6\" width=\"110\" height=\"135\" \/><\/a><\/strong><\/span>\u00a0 \u00a0 \u00a0 \u00a0 \u00a0 \u00a0 \u00a0 \u00a0 \u00a0 \u00a0 \u00a0 \u00a0 \u00a0 \u00a0 \u00a0 \u00a0 \u00a0 \u00a0 \u00a0 \u00a0 \u00a0 \u00a0 \u00a0 \u00a0 \u00a0 \u00a0 \u00a0 \u00a0 \u00a0 \u00a0 \u00a0 \u00a0 \u00a0 \u00a0 \u00a0 \u00a0 \u00a0 \u00a0 \u00a0 \u00a0 \u00a0 \u00a0 \u00a0 \u00a0 \u00a0 \u00a0 \u00a0 \u00a0 \u00a0 \u00a0 \u00a0 \u00a0 \u00a0 \u00a0 \u00a0 \u00a0 \u00a0 \u00a0 \u00a0 \u00a0 \u00a0 \u00a0 \u00a0 \u00a0 \u00a0 \u00a0 \u00a0 \u00a0 \u00a0 \u00a0 \u00a0 \u00a0<span style=\"text-decoration: underline;\"><strong>Pelargonio, el \u00a0rey \u00a0de \u00a0los \u00a0geranios:<\/strong><\/span><\/p>\n<p>\u00c9stos <a href=\"http:\/\/jardineriakuka.com\/module\/categorysearch\/catesearch?fc=module&amp;module=categorysearch&amp;controller=catesearch&amp;orderby=position&amp;orderway=desc&amp;search_category=all&amp;search_query=geranio+&amp;submit_search=\">geranios<\/a> de grandes flores en la terraza, el balc\u00f3n e incluso dentro de casa, donde se comportan como una colorida planta de interior.<\/p>\n<p>&nbsp;<\/p>\n<p>&nbsp;<\/p>\n<p><span style=\"text-decoration: underline;\"><strong>Un \u00a0huerto \u00a0f\u00e1cil \u00a0para \u00a0iniciarse:<\/strong><\/span><\/p>\n<p>\u00bfLleva tiempo pensando en cultivar su propio <a href=\"http:\/\/jardineriakuka.com\/module\/categorysearch\/catesearch?fc=module&amp;module=categorysearch&amp;controller=catesearch&amp;orderby=position&amp;orderway=desc&amp;search_category=all&amp;search_query=huerto&amp;submit_search=\">huerto<\/a> pero no termina de dar el paso? Empezar es m\u00e1s f\u00e1cil de lo que parece. En \u00e9ste peque\u00f1o art\u00edculo le contamos c\u00f3mo iniciarse en el mundo de las <a href=\"http:\/\/jardineriakuka.com\/module\/categorysearch\/catesearch?fc=module&amp;module=categorysearch&amp;controller=catesearch&amp;orderby=position&amp;orderway=desc&amp;search_category=all&amp;search_query=verdura&amp;submit_search=\">verduras<\/a> y <a href=\"http:\/\/jardineriakuka.com\/module\/categorysearch\/catesearch?fc=module&amp;module=categorysearch&amp;controller=catesearch&amp;orderby=position&amp;orderway=desc&amp;search_category=all&amp;search_query=hortaliza&amp;submit_search=\">hortalizas<\/a>.<a href=\"http:\/\/www.jardineriakuka.com\/blog\/wp-content\/uploads\/2016\/03\/2.jpg\"><img loading=\"lazy\" decoding=\"async\" class=\"  wp-image-3329 aligncenter\" src=\"http:\/\/www.jardineriakuka.com\/blog\/wp-content\/uploads\/2016\/03\/2.jpg\" alt=\"2\" width=\"745\" height=\"203\" \/><\/a><\/p>\n<p>&nbsp;<\/p>\n<p>&nbsp;<\/p>\n<p><span style=\"text-decoration: underline;\"><strong><a href=\"http:\/\/www.jardineriakuka.com\/blog\/wp-content\/uploads\/2016\/03\/1.jpg\"><img loading=\"lazy\" decoding=\"async\" class=\"  wp-image-3331 alignleft\" src=\"http:\/\/www.jardineriakuka.com\/blog\/wp-content\/uploads\/2016\/03\/1.jpg\" alt=\"1\" width=\"181\" height=\"96\" \/><\/a>Siembras \u00a0de \u00a0primavera:<\/strong><\/span><\/p>\n<p>En marzo puede seguir haciendo <a href=\"http:\/\/jardineriakuka.com\/module\/categorysearch\/catesearch?fc=module&amp;module=categorysearch&amp;controller=catesearch&amp;orderby=position&amp;orderway=desc&amp;search_category=all&amp;search_query=semillero&amp;submit_search=\">semilleros<\/a> y tambi\u00e9n sembrar directamente sobre el terreno <a href=\"http:\/\/jardineriakuka.com\/module\/categorysearch\/catesearch?fc=module&amp;module=categorysearch&amp;controller=catesearch&amp;orderby=position&amp;orderway=desc&amp;search_category=all&amp;search_query=zanahoria&amp;submit_search=\">zanahoria<\/a>, <a href=\"http:\/\/jardineriakuka.com\/module\/categorysearch\/catesearch?fc=module&amp;module=categorysearch&amp;controller=catesearch&amp;orderby=position&amp;orderway=desc&amp;search_category=all&amp;search_query=remolacha&amp;submit_search=\">remolacha<\/a>, <a href=\"http:\/\/jardineriakuka.com\/module\/categorysearch\/catesearch?fc=module&amp;module=categorysearch&amp;controller=catesearch&amp;orderby=position&amp;orderway=desc&amp;search_category=all&amp;search_query=rabanito&amp;submit_search=\">rabanito<\/a> y <a href=\"http:\/\/jardineriakuka.com\/module\/categorysearch\/catesearch?fc=module&amp;module=categorysearch&amp;controller=catesearch&amp;orderby=position&amp;orderway=desc&amp;search_category=all&amp;search_query=patata&amp;submit_search=\">patata<\/a>.<\/p>\n<p>&nbsp;<\/p>\n<p>&nbsp;<\/p>\n<p><span style=\"text-decoration: underline;\"><strong><a href=\"http:\/\/www.jardineriakuka.com\/blog\/wp-content\/uploads\/2016\/03\/31.jpg\"><img loading=\"lazy\" decoding=\"async\" class=\"  wp-image-3333 alignright\" src=\"http:\/\/www.jardineriakuka.com\/blog\/wp-content\/uploads\/2016\/03\/31.jpg\" alt=\"3\" width=\"135\" height=\"174\" \/><\/a><\/strong><\/span>\u00a0 \u00a0 \u00a0 \u00a0 \u00a0 \u00a0 \u00a0 \u00a0 \u00a0 \u00a0 \u00a0 \u00a0 \u00a0 \u00a0 \u00a0 \u00a0 \u00a0 \u00a0 \u00a0 \u00a0 \u00a0 \u00a0 \u00a0 \u00a0 \u00a0 \u00a0 \u00a0 \u00a0 \u00a0 \u00a0 \u00a0 \u00a0 \u00a0 \u00a0 \u00a0 \u00a0 \u00a0 \u00a0 \u00a0 \u00a0 \u00a0 \u00a0 \u00a0 \u00a0 \u00a0 \u00a0 \u00a0 \u00a0 \u00a0 \u00a0 \u00a0 \u00a0 \u00a0 \u00a0<span style=\"text-decoration: underline;\"><strong>Plantas \u00a0de \u00a0interior:<\/strong><\/span><\/p>\n<p>Ap\u00f3rteles <a href=\"http:\/\/jardineriakuka.com\/module\/categorysearch\/catesearch?fc=module&amp;module=categorysearch&amp;controller=catesearch&amp;orderby=position&amp;orderway=desc&amp;search_category=all&amp;search_query=fertilizante&amp;submit_search=\">fertilizante<\/a> cada 15 d\u00edas.<\/p>\n<p>En Marzo y Abril, son los meses apropiados para renovar el sustrato y trasplantar las que lo necesiten.<\/p>\n<p>&nbsp;<\/p>\n<p>&nbsp;<\/p>\n<p><span style=\"text-decoration: underline;\"><strong><a href=\"http:\/\/www.jardineriakuka.com\/blog\/wp-content\/uploads\/2016\/03\/IMG_2634.jpg\"><img loading=\"lazy\" decoding=\"async\" class=\"alignleft  wp-image-3334\" src=\"http:\/\/www.jardineriakuka.com\/blog\/wp-content\/uploads\/2016\/03\/IMG_2634.jpg\" alt=\"IMG_2634\" width=\"135\" height=\"99\" \/><\/a>Abonar \u00a0los \u00a0c\u00edtricos:<\/strong><\/span><\/p>\n<p>Para que sus <a href=\"http:\/\/jardineriakuka.com\/module\/categorysearch\/catesearch?fc=module&amp;module=categorysearch&amp;controller=catesearch&amp;orderby=position&amp;orderway=desc&amp;search_category=all&amp;search_query=citrico&amp;submit_search=\">c\u00edtricos<\/a> den mucha flor, deles ahora un <a href=\"http:\/\/jardineriakuka.com\/abonos-liquidos\/186-abono-liquido-citricos.html\">abono<\/a> espec\u00edfico, siempre que tengan m\u00e1s de un a\u00f1o. Pulver\u00edcelos con un antiminadores.<\/p>\n<p>&nbsp;<\/p>\n<p>&nbsp;<\/p>\n<p><span style=\"text-decoration: underline;\"><strong><a href=\"http:\/\/www.jardineriakuka.com\/blog\/wp-content\/uploads\/2016\/03\/durantha-erecta-repens-flor-700.jpg\"><img loading=\"lazy\" decoding=\"async\" class=\"  wp-image-3335 alignright\" src=\"http:\/\/www.jardineriakuka.com\/blog\/wp-content\/uploads\/2016\/03\/durantha-erecta-repens-flor-700.jpg\" alt=\"durantha-erecta-repens-flor-700\" width=\"109\" height=\"162\" \/><\/a><\/strong><\/span>\u00a0 \u00a0 \u00a0 \u00a0 \u00a0 \u00a0 \u00a0 \u00a0 \u00a0 \u00a0 \u00a0 \u00a0 \u00a0 \u00a0 \u00a0 \u00a0 \u00a0 \u00a0 \u00a0 \u00a0 \u00a0 \u00a0 \u00a0 \u00a0 \u00a0 \u00a0 \u00a0 \u00a0 \u00a0 \u00a0 \u00a0 \u00a0 \u00a0 \u00a0 \u00a0 \u00a0 \u00a0 \u00a0 \u00a0 \u00a0 \u00a0 \u00a0 \u00a0 \u00a0 \u00a0 \u00a0 \u00a0 \u00a0 \u00a0 \u00a0 \u00a0 \u00a0 \u00a0 \u00a0 \u00a0 \u00a0 \u00a0 \u00a0 \u00a0 \u00a0<span style=\"text-decoration: underline;\"><strong>Poda \u00a0las \u00a0le\u00f1osas:<\/strong><\/span><\/p>\n<p>Si no ha podado su <a href=\"http:\/\/jardineriakuka.com\/63-arbustos\">le\u00f1osas<\/a> en febrero, p\u00f3delas ya, antes de que empiecen a brotar, los <a href=\"http:\/\/jardineriakuka.com\/module\/categorysearch\/catesearch?fc=module&amp;module=categorysearch&amp;controller=catesearch&amp;orderby=position&amp;orderway=desc&amp;search_category=all&amp;search_query=albizia&amp;submit_search=\">caducif\u00f3lios de flor estival<\/a> o los que acaban de florecer.<\/p>\n<p>&nbsp;<\/p>\n<p>&nbsp;<\/p>\n<p>&nbsp;<\/p>\n<p><span style=\"text-decoration: underline;\"><strong>No \u00a0se \u00a0olvide \u00a0de:<\/strong><\/span><\/p>\n<ul>\n<li><span style=\"text-decoration: underline;\">Plantar:<\/span> el mes de marzo, es un mes ideal para plantar <a href=\"http:\/\/jardineriakuka.com\/33-arboles\">\u00e1rboles<\/a> y <a href=\"http:\/\/jardineriakuka.com\/63-arbustos\">arbustos<\/a> con cepell\u00f3n, <a href=\"http:\/\/jardineriakuka.com\/377-setos\">setos<\/a>, <a href=\"http:\/\/jardineriakuka.com\/4-vivaces\">vivaces<\/a>, <a href=\"http:\/\/jardineriakuka.com\/4-vivaces\">tapizantes<\/a>, <a href=\"http:\/\/jardineriakuka.com\/374-arom%C3%A1ticas-tradicionales\">arom\u00e1ticas<\/a>, <a href=\"http:\/\/jardineriakuka.com\/292-gramineas\">gram\u00edneas<\/a>, <a href=\"http:\/\/jardineriakuka.com\/4-vivaces\">anuales<\/a>\u00a0<a href=\"http:\/\/jardineriakuka.com\/760-arom%C3%A1ticas-ecol%C3%B3gicas\">&#8230; <\/a>Encontrar\u00e1 la mayor variedad en su <a href=\"http:\/\/jardineriakuka.com\/\">centro de jardiner\u00eda<\/a>.<\/li>\n<li><span style=\"text-decoration: underline;\">Abonar:<\/span> antes de plantar, aplique <a href=\"http:\/\/jardineriakuka.com\/abonos-ecologicos\/8670-abono-organico-estiercol-de-caballo.html?search_query=abono+organico+caballo&amp;results=3\">abono org\u00e1nico<\/a> en parterres y arriates, <a href=\"http:\/\/jardineriakuka.com\/module\/categorysearch\/catesearch?fc=module&amp;module=categorysearch&amp;controller=catesearch&amp;orderby=position&amp;orderway=desc&amp;search_category=all&amp;search_query=jardinera&amp;submit_search=\">jardineras<\/a> y tiestos. As\u00ed mejorar\u00e1 la estructura del sustrato.<\/li>\n<li><span style=\"text-decoration: underline;\">Prestar \u00a0atenci\u00f3n \u00a0a \u00a0las \u00a0heladas \u00a0tard\u00edas:<\/span> en el mes de Marzo, todav\u00eda suele helar en el centro de Espa\u00f1a y las zonas altas. \u00c9stas heladas tard\u00edas o de primavera, ponen en riesgo la floraci\u00f3n y el follaje nuevo. No se descuide y proteja sus plantas, especialmente las que acaba de plantar.<\/li>\n<\/ul>\n<p><a href=\"http:\/\/www.jardineriakuka.com\/blog\/wp-content\/uploads\/2016\/03\/PP1765_add3.jpg\"><img loading=\"lazy\" decoding=\"async\" class=\"  wp-image-3336 aligncenter\" src=\"http:\/\/www.jardineriakuka.com\/blog\/wp-content\/uploads\/2016\/03\/PP1765_add3.jpg\" alt=\"PP1765_add3\" width=\"350\" height=\"307\" \/><\/a><\/p>\n<p>&nbsp;<\/p>\n","protected":false},"excerpt":{"rendered":"<p>Cerezos \u00a0en \u00a0flor: En el mes de Marzo, que ya se acerca la primavera y las horas de luz comienzan a ganar terreno a las largas noches de invierno, los cerezos de flor despliegan una de las floraciones m\u00e1s extraordinarias del a\u00f1o. Un espeso manto de nieve blanca o rosada, cubre sus ramas desnudas. &nbsp; [&hellip;]<\/p>\n","protected":false},"author":2,"featured_media":0,"comment_status":"closed","ping_status":"closed","sticky":false,"template":"","format":"standard","meta":{"footnotes":""},"categories":[1],"tags":[],"class_list":["post-2693","post","type-post","status-publish","format-standard","hentry","category-jardineria-kuka"],"_links":{"self":[{"href":"https:\/\/jardineriakuka.com\/blog\/wp-json\/wp\/v2\/posts\/2693","targetHints":{"allow":["GET"]}}],"collection":[{"href":"https:\/\/jardineriakuka.com\/blog\/wp-json\/wp\/v2\/posts"}],"about":[{"href":"https:\/\/jardineriakuka.com\/blog\/wp-json\/wp\/v2\/types\/post"}],"author":[{"embeddable":true,"href":"https:\/\/jardineriakuka.com\/blog\/wp-json\/wp\/v2\/users\/2"}],"replies":[{"embeddable":true,"href":"https:\/\/jardineriakuka.com\/blog\/wp-json\/wp\/v2\/comments?post=2693"}],"version-history":[{"count":0,"href":"https:\/\/jardineriakuka.com\/blog\/wp-json\/wp\/v2\/posts\/2693\/revisions"}],"wp:attachment":[{"href":"https:\/\/jardineriakuka.com\/blog\/wp-json\/wp\/v2\/media?parent=2693"}],"wp:term":[{"taxonomy":"category","embeddable":true,"href":"https:\/\/jardineriakuka.com\/blog\/wp-json\/wp\/v2\/categories?post=2693"},{"taxonomy":"post_tag","embeddable":true,"href":"https:\/\/jardineriakuka.com\/blog\/wp-json\/wp\/v2\/tags?post=2693"}],"curies":[{"name":"wp","href":"https:\/\/api.w.org\/{rel}","templated":true}]}}