{"id":2697,"date":"2021-08-17T11:15:03","date_gmt":"2021-08-17T11:15:03","guid":{"rendered":"https:\/\/jardineriakuka.com\/blog\/tareas-del-mes-de-agosto-n334\/"},"modified":"2021-08-17T11:15:03","modified_gmt":"2021-08-17T11:15:03","slug":"tareas-del-mes-de-agosto-n334","status":"publish","type":"post","link":"https:\/\/jardineriakuka.com\/blog\/tareas-del-mes-de-agosto-n334\/","title":{"rendered":"Tareas del mes de Agosto."},"content":{"rendered":"<p><a href=\"http:\/\/www.jardineriakuka.com\/blog\/wp-content\/uploads\/2016\/07\/weba.jpg\"><img loading=\"lazy\" decoding=\"async\" class=\"  wp-image-3479 alignright\" src=\"http:\/\/www.jardineriakuka.com\/blog\/wp-content\/uploads\/2016\/07\/weba.jpg\" alt=\"weba\" width=\"382\" height=\"274\" \/><\/a>Agosto, es el mes de las vacaciones, el mes del descanso, si tenemos un jard\u00edn bien cuidado, tambi\u00e9n podemos descansar y relajarnos un poco con su mantenimiento. Aunque por l\u00f3gica suele ser el peor mes para nuestras <a href=\"http:\/\/jardineriakuka.com\/67-plantas\">plantas<\/a>, debido al color y nuestra ausencia.<\/p>\n<p>\u00c9ste trabalenguas que he realizado es muy l\u00f3gico&#8230; Es el mes que m\u00e1s tiempo solemos tener, que le podemos dedicar tiempo al jard\u00edn, en el que queremos tenerlo bonito no habiendo realizado las tareas adecuadas en el momento preciso. La mejor soluci\u00f3n es pasar por su <a href=\"http:\/\/jardineriakuka.com\/\">centro de jardiner\u00eda<\/a> a por unas <a href=\"http:\/\/jardineriakuka.com\/4-vivaces\">plantitas de flor<\/a>, para cuando vengan los amigos a ba\u00f1arse y comerse una paella poder disfrutar plenamente de nuestro jard\u00edn, ya sea de d\u00eda como de noche, con una buena <a href=\"https:\/\/jardineriakuka.com\/module\/categorysearch\/catesearch?fc=module&amp;module=categorysearch&amp;controller=catesearch&amp;orderby=position&amp;orderway=desc&amp;search_category=all&amp;search_query=barbacoa&amp;submit_search=\">barbacoa<\/a>.<\/p>\n<p><span style=\"text-decoration: underline;\">RIEGO:<\/span><\/p>\n<p>Cuando <img loading=\"lazy\" decoding=\"async\" class=\"  wp-image-3481 alignleft\" src=\"http:\/\/www.jardineriakuka.com\/blog\/wp-content\/uploads\/2016\/07\/got.jpg\" alt=\"got\" width=\"147\" height=\"115\" \/>nos vamos de vacaciones, intentamos dejar el cuidado de nuestras plantas a nuestros familiares, amigos, etc.<\/p>\n<p>La inmensa mayor\u00eda de las veces, nos llevamos una gran sorpresa al regreso&#8230; Solo se han acordado de regarlas el d\u00eda que anunciamos nuestro regreso, y \u00bfc\u00f3mo suelen estar?<\/p>\n<p>Por ello, lo m\u00e1s importante antes de irnos, es dejar el <a href=\"http:\/\/jardineriakuka.com\/393-riego\">riego autom\u00e1tico<\/a> en todas las plantas.<\/p>\n<p>Si son plantas de interior o en pisos, hay que buscar una terraza, colocarles el <a href=\"http:\/\/jardineriakuka.com\/393-riego\">riego autom\u00e1tico<\/a> y protegerlas del sol.<\/p>\n<p>Tambi\u00e9n es muy importante acolchar los \u00e1rboles y arbustos (con <a href=\"http:\/\/jardineriakuka.com\/gravas\/3926-corteza-de-pino.html\">corteza de pino<\/a>), para mantener mejor la humedad.<\/p>\n<p><span style=\"text-decoration: underline;\">C\u00c9SPED:<\/span><\/p>\n<p>El riego de las praderas debe de funcionar perfectamente, debe regarse a media noche para que est\u00e9 seco el resto del d\u00eda, c\u00f3rtelo todas las semanas lo m\u00e1s alto posible.<a href=\"http:\/\/www.jardineriakuka.com\/blog\/wp-content\/uploads\/2016\/07\/ces.jpg\"><img loading=\"lazy\" decoding=\"async\" class=\"  wp-image-3482 aligncenter\" src=\"http:\/\/www.jardineriakuka.com\/blog\/wp-content\/uploads\/2016\/07\/ces.jpg\" alt=\"ces\" width=\"335\" height=\"100\" \/><\/a><\/p>\n<p>Tiene que prevenir la plaga de las orugas, porque hacen mucho da\u00f1o en la segunda quincena de agosto y de la noche a la ma\u00f1ana puede desaparecer una pradera de c\u00e9sped.<\/p>\n<p><span style=\"text-decoration: underline;\">LAS \u00a0PLAGAS:<\/span><\/p>\n<p>En los meses de verano las plagas hacen verdaderos estragos en nuestras plantas, debe de estar muy pendiente de ellas, sobre todo en las <a href=\"http:\/\/jardineriakuka.com\/4-vivaces\">vivaces<\/a>, <a href=\"http:\/\/jardineriakuka.com\/63-arbustos\">arbustos<\/a> de flores y praderas de c\u00e9sped.<\/p>\n<p>Hay plagas en nuestras vivaces que de no ser un experto no las ves, como son los caracolillos, que suelen atacar mucho a nuestras gaz\u00e1nias o la blanqueta, que ataca a muchas <a href=\"http:\/\/jardineriakuka.com\/4-vivaces\">vivaces<\/a> pareciendo que se quedan secas, aunque\u00a0las estemos regando.<\/p>\n<p>Las hortensias y muchas plantas similares, suelen coger ara\u00f1a, hay que tener en cuenta de tratarlas, se ve por donde empieza a secar el borde de las hojas.<\/p>\n<p>Hay que seguir con los\u00a0tratamientos preventivos de los rosales.<img loading=\"lazy\" decoding=\"async\" class=\"  wp-image-3483 alignright\" src=\"http:\/\/www.jardineriakuka.com\/blog\/wp-content\/uploads\/2016\/07\/pal.jpg\" alt=\"pal\" width=\"287\" height=\"169\" \/><\/p>\n<p>Si el picudo no ha llegado a su zona debe tratar las palmeras para que no lo cojan, y si el picudo ya ha pasado, debe de seguir tratando sus <a href=\"http:\/\/jardineriakuka.com\/2-palmeras\">palmeras<\/a>, sobre todo si las poda \u00a0 (las <a href=\"http:\/\/jardineriakuka.com\/2-palmeras\">palmeras<\/a> si las poda en invierno, mejor).<\/p>\n<p>Es aconsejable, sobre todo si vive en zonas muy c\u00e1lidas, realizar un tratamiento preventivo contra el desecamiento de las con\u00edferas.<\/p>\n<p><span style=\"text-decoration: underline;\">LOS \u00a0ABONADOS:<\/span><\/p>\n<p>Los abonados para las vivaces de flor deben de seguir su ritmo, cada 15 d\u00edas en el caso que sea l\u00edquido.<\/p>\n<p>Si los meses anteriores no ha abonado, puede abonar ahora, para tener las plantas preciosas en el oto\u00f1o.<\/p>\n<p><span style=\"text-decoration: underline;\">LAS \u00a0PODAS:<img loading=\"lazy\" decoding=\"async\" class=\"  wp-image-3484 alignright\" src=\"http:\/\/www.jardineriakuka.com\/blog\/wp-content\/uploads\/2016\/07\/pod.jpg\" alt=\"pod\" width=\"258\" height=\"182\" \/><\/span><\/p>\n<p>Siempre se ha comentado que el verano es la mejor \u00e9poca para la poda de palmeras, aunque \u00faltimamente, a consecuencia del picudo, se ha cambiado, puede podarla y despu\u00e9s efectuar el tratamiento correspondiente.<\/p>\n<p>Como hay tiempo, puede recortar <a href=\"http:\/\/jardineriakuka.com\/377-setos\">setos<\/a> y dar formas a <a href=\"http:\/\/jardineriakuka.com\/63-arbustos\">arbustos<\/a>.<\/p>\n<p>Las enredaderas est\u00e1n pr\u00e1cticamente todas en flor, no podarlas mucho para no quitarles las flores.<\/p>\n<p><span style=\"text-decoration: underline;\">EL \u00a0HUERTO:<\/span><\/p>\n<p>El <a href=\"https:\/\/jardineriakuka.com\/module\/categorysearch\/catesearch?fc=module&amp;module=categorysearch&amp;controller=catesearch&amp;orderby=position&amp;orderway=desc&amp;search_category=all&amp;search_query=huerto&amp;submit_search=\">huerto<\/a> debe estar en plena producci\u00f3n, controle bien las plagas, los <a href=\"http:\/\/jardineriakuka.com\/34-complementos-plantas-abonos\">abonados<\/a>, los riegos&#8230;<\/p>\n<p>Puede empezar a preparar el terreno para la plantaci\u00f3n de invierno, con los abonados a base de esti\u00e9rcol correspondiente y mover el terreno.<\/p>\n<p>&nbsp;<\/p>\n<p style=\"text-align: center;\">Recuerde, en agosto el jard\u00edn debe estar perfecto para su disfrute.<\/p>\n<p><a href=\"http:\/\/www.jardineriakuka.com\/blog\/wp-content\/uploads\/2016\/07\/VICENTE-003.jpg\"><img loading=\"lazy\" decoding=\"async\" class=\" size-full wp-image-3485 aligncenter\" src=\"http:\/\/www.jardineriakuka.com\/blog\/wp-content\/uploads\/2016\/07\/VICENTE-003.jpg\" alt=\"VICENTE-003\" width=\"700\" height=\"208\" \/><\/a><\/p>\n","protected":false},"excerpt":{"rendered":"<p>Agosto, es el mes de las vacaciones, el mes del descanso, si tenemos un jard\u00edn bien cuidado, tambi\u00e9n podemos descansar y relajarnos un poco con su mantenimiento. Aunque por l\u00f3gica suele ser el peor mes para nuestras plantas, debido al color y nuestra ausencia. \u00c9ste trabalenguas que he realizado es muy l\u00f3gico&#8230; Es el mes [&hellip;]<\/p>\n","protected":false},"author":2,"featured_media":0,"comment_status":"closed","ping_status":"closed","sticky":false,"template":"","format":"standard","meta":{"footnotes":""},"categories":[1],"tags":[],"class_list":["post-2697","post","type-post","status-publish","format-standard","hentry","category-jardineria-kuka"],"_links":{"self":[{"href":"https:\/\/jardineriakuka.com\/blog\/wp-json\/wp\/v2\/posts\/2697","targetHints":{"allow":["GET"]}}],"collection":[{"href":"https:\/\/jardineriakuka.com\/blog\/wp-json\/wp\/v2\/posts"}],"about":[{"href":"https:\/\/jardineriakuka.com\/blog\/wp-json\/wp\/v2\/types\/post"}],"author":[{"embeddable":true,"href":"https:\/\/jardineriakuka.com\/blog\/wp-json\/wp\/v2\/users\/2"}],"replies":[{"embeddable":true,"href":"https:\/\/jardineriakuka.com\/blog\/wp-json\/wp\/v2\/comments?post=2697"}],"version-history":[{"count":0,"href":"https:\/\/jardineriakuka.com\/blog\/wp-json\/wp\/v2\/posts\/2697\/revisions"}],"wp:attachment":[{"href":"https:\/\/jardineriakuka.com\/blog\/wp-json\/wp\/v2\/media?parent=2697"}],"wp:term":[{"taxonomy":"category","embeddable":true,"href":"https:\/\/jardineriakuka.com\/blog\/wp-json\/wp\/v2\/categories?post=2697"},{"taxonomy":"post_tag","embeddable":true,"href":"https:\/\/jardineriakuka.com\/blog\/wp-json\/wp\/v2\/tags?post=2697"}],"curies":[{"name":"wp","href":"https:\/\/api.w.org\/{rel}","templated":true}]}}