{"id":2705,"date":"2021-08-17T11:15:03","date_gmt":"2021-08-17T11:15:03","guid":{"rendered":"https:\/\/jardineriakuka.com\/blog\/tareas-para-el-mes-de-julio-n342\/"},"modified":"2021-08-17T11:15:03","modified_gmt":"2021-08-17T11:15:03","slug":"tareas-para-el-mes-de-julio-n342","status":"publish","type":"post","link":"https:\/\/jardineriakuka.com\/blog\/tareas-para-el-mes-de-julio-n342\/","title":{"rendered":"Tareas para el mes de Julio."},"content":{"rendered":"<p style=\"text-align: center;\"><strong><u>\u00a0JULIO\u00a0<\/u><\/strong><\/p>\n<p>Como dice el refr\u00e1n \u201cpor San Ferm\u00edn el calor no tiene fin\u00bb. La \u00faltima quincena de julio y la primera de agosto suponen un claro desaf\u00edo a la resistencia de las plantas. El riego es esencial. Las noches suponen un alivio para el jard\u00edn y la terraza&#8230; \u00a1y es el momento ideal para disfrutarlos!<\/p>\n<p>&nbsp;<\/p>\n<p><u>TAREAS GENERALES DEL MES<\/u><\/p>\n<p>\u2713 En julio, el <a href=\"http:\/\/jardineriakuka.com\/393-riego\">riego<\/a> es de m\u00e1xima importancia. Utiliza <a href=\"https:\/\/jardineriakuka.com\/module\/categorysearch\/catesearch?fc=module&amp;module=categorysearch&amp;controller=catesearch&amp;orderby=position&amp;orderway=desc&amp;search_category=all&amp;search_query=aspersores&amp;submit_search=\">aspersi\u00f3n<\/a> para el c\u00e9sped; <a href=\"https:\/\/jardineriakuka.com\/module\/categorysearch\/catesearch?fc=module&amp;module=categorysearch&amp;controller=catesearch&amp;orderby=position&amp;orderway=desc&amp;search_category=all&amp;search_query=goteo&amp;submit_search=\">goteo<\/a> para los arbustos, anuales y vivaces, setos y \u00e1rboles,\u00a0macetas de autorriego\u00a0para plantas de interior.<\/p>\n<p>\u2713 <a href=\"http:\/\/jardineriakuka.com\/abonos-liquidos\/117-abono-liquido-plantas-con-flor.html\">Abonar las plantas de flor<\/a>. Est\u00e1n a pleno rendimiento, de modo que necesitar\u00e1n un abonado rico en f\u00f3sforo y potasio y bajo en nitr\u00f3geno.<\/p>\n<p>\u2713 Las plagas y hongos, a raya. El control de plagas y enfermedades sigue siendo clave. En lo posible, utiliza plaguicidas sist\u00e9micos y <a href=\"http:\/\/jardineriakuka.com\/linea-biologica\/7244-insecticida-natural-de-neem.html?search_query=fungicidas&amp;results=25\">fungicidas<\/a> de amplio espectro.<\/p>\n<p>\u2713 Eliminar las malas hierbas. Quitar las malas hierbas a mano (con<a href=\"https:\/\/jardineriakuka.com\/module\/categorysearch\/catesearch?fc=module&amp;module=categorysearch&amp;controller=catesearch&amp;orderby=position&amp;orderway=desc&amp;search_category=all&amp;search_query=+azada&amp;submit_search=\"> azada<\/a>) o en algunos casos utilizar un <a href=\"https:\/\/jardineriakuka.com\/module\/categorysearch\/catesearch?fc=module&amp;module=categorysearch&amp;controller=catesearch&amp;orderby=position&amp;orderway=desc&amp;search_category=all&amp;search_query=herbicida&amp;submit_search=\">herbicida<\/a>. Pide consejo en <a href=\"http:\/\/jardineriakuka.com\/\">tu centro de jardiner\u00eda<\/a>.<\/p>\n<p>&nbsp;<\/p>\n<p><u><a href=\"https:\/\/jardineriakuka.com\/module\/categorysearch\/catesearch?fc=module&amp;module=categorysearch&amp;controller=catesearch&amp;orderby=position&amp;orderway=desc&amp;search_category=all&amp;search_query=%C3%81rboles&amp;submit_search=\">\u00c1rboles<\/a>, <a href=\"https:\/\/jardineriakuka.com\/module\/categorysearch\/catesearch?fc=module&amp;module=categorysearch&amp;controller=catesearch&amp;orderby=position&amp;orderway=desc&amp;search_category=all&amp;search_query=arbustos&amp;submit_search=\">arbustos<\/a> y <a href=\"https:\/\/jardineriakuka.com\/module\/categorysearch\/catesearch?fc=module&amp;module=categorysearch&amp;controller=catesearch&amp;orderby=position&amp;orderway=desc&amp;search_category=all&amp;search_query=trepadoras&amp;submit_search=\">trepadoras<\/a><a href=\"http:\/\/www.jardineriakuka.com\/blog\/wp-content\/uploads\/2015\/07\/rosas_trepadoras.jpg\"><img loading=\"lazy\" decoding=\"async\" class=\"  wp-image-2884 alignright\" src=\"http:\/\/www.jardineriakuka.com\/blog\/wp-content\/uploads\/2015\/07\/rosas_trepadoras.jpg\" alt=\"rosas_trepadoras\" width=\"267\" height=\"200\" \/><\/a><\/u><\/p>\n<ul>\n<li><span style=\"color: #000000;\">Aclara arbustos y trepadoras: \u00a0 \u00a0 \u00a0 \u00a0 \u00a0 \u00a0 \u00a0 \u00a0 \u00a0 \u00a0 \u00a0 \u00a0 \u00a0 \u00a0 \u00a0 \u00a0 \u00a0 \u00a0 \u00a0 \u00a0 \u00a0 \u00a0 \u00a0 \u00a0 \u00a0 \u00a0 \u00a0 \u00a0 \u00a0 \u00a0\u00a0<\/span>Quita las ramas secas, d\u00e9biles o enmara\u00f1adas de los \u00e1rboles, arbustos y trepadoras. Para no provocar desgarros, las <a href=\"https:\/\/jardineriakuka.com\/module\/categorysearch\/catesearch?fc=module&amp;module=categorysearch&amp;controller=catesearch&amp;orderby=position&amp;orderway=desc&amp;search_category=all&amp;search_query=tijeras&amp;submit_search=\">tijeras<\/a> deben estar bien limpias y afiladas. Escoge la herramienta adecuada seg\u00fan el grosor de las ramas.<\/li>\n<li>Obt\u00e9n esquejes: \u00a0 \u00a0 \u00a0 \u00a0 \u00a0 \u00a0 \u00a0 \u00a0 \u00a0 \u00a0 \u00a0 \u00a0 \u00a0 \u00a0 \u00a0 \u00a0 \u00a0 \u00a0 \u00a0 \u00a0 \u00a0 \u00a0 \u00a0 \u00a0 \u00a0 \u00a0 \u00a0 \u00a0 \u00a0 \u00a0 \u00a0 \u00a0 \u00a0 \u00a0 \u00a0 \u00a0 \u00a0 \u00a0 \u00a0 \u00a0 \u00a0 \u00a0 \u00a0 \u00a0 \u00a0 \u00a0 \u00a0Julio y agosto son meses ideales para hacer esquejes semile\u00f1osos de <a href=\"https:\/\/jardineriakuka.com\/module\/categorysearch\/catesearch?fc=module&amp;module=categorysearch&amp;controller=catesearch&amp;orderby=position&amp;orderway=desc&amp;search_category=all&amp;search_query=arbol+de+jupiter&amp;submit_search=\">lagerstroemias<\/a>, <a href=\"https:\/\/jardineriakuka.com\/module\/categorysearch\/catesearch?fc=module&amp;module=categorysearch&amp;controller=catesearch&amp;orderby=position&amp;orderway=desc&amp;search_category=all&amp;search_query=adelfa&amp;submit_search=\">adelfas<\/a>, <a href=\"http:\/\/jardineriakuka.com\/vivaces-y-anuales\/7442-fucsia.html?search_query=fucsia&amp;results=16\">fucsias<\/a>, <a href=\"https:\/\/jardineriakuka.com\/module\/categorysearch\/catesearch?fc=module&amp;module=categorysearch&amp;controller=catesearch&amp;orderby=position&amp;orderway=desc&amp;search_category=all&amp;search_query=hortensia&amp;submit_search=\">hortensias<\/a>, <a href=\"https:\/\/jardineriakuka.com\/module\/categorysearch\/catesearch?fc=module&amp;module=categorysearch&amp;controller=catesearch&amp;orderby=position&amp;orderway=desc&amp;search_category=all&amp;search_query=madreselva&amp;submit_search=\">madreselvas<\/a>, <a href=\"https:\/\/jardineriakuka.com\/module\/categorysearch\/catesearch?fc=module&amp;module=categorysearch&amp;controller=catesearch&amp;orderby=position&amp;orderway=desc&amp;search_category=all&amp;search_query=geranio&amp;submit_search=\">geranios<\/a>, y de las esp\u00edreas que florecieron en primavera. Tiene que escoger las ramas m\u00e1s vigorosas, dales un corte limpio, unta el extremo con hormonas de arraigo y pl\u00e1ntalas enseguida.<\/li>\n<li>Recorta las arom\u00e1ticas: \u00a0 \u00a0 \u00a0 \u00a0 \u00a0 \u00a0 \u00a0 \u00a0 \u00a0 \u00a0 \u00a0 \u00a0 \u00a0 \u00a0 \u00a0 \u00a0 \u00a0 \u00a0 \u00a0 \u00a0 \u00a0 \u00a0 \u00a0 \u00a0 \u00a0 \u00a0 \u00a0 \u00a0 \u00a0 \u00a0 \u00a0 \u00a0 \u00a0 \u00a0 \u00a0 \u00a0 \u00a0 \u00a0 \u00a0 \u00a0 \u00a0 \u00a0 \u00a0 \u00a0 \u00a0 \u00a0 \u00a0 \u00a0 \u00a0 \u00a0 \u00a0 \u00a0 \u00a0 \u00a0 \u00a0 \u00a0 \u00a0 \u00a0 \u00a0 \u00a0 \u00a0 \u00a0 \u00a0 \u00a0 \u00a0 \u00a0 \u00a0 \u00a0 \u00a0 \u00a0 \u00a0 \u00a0 \u00a0 \u00a0 \u00a0 \u00a0 \u00a0 \u00a0 \u00a0 \u00a0 \u00a0 Poda las espigas de flores viejas de las <a href=\"https:\/\/jardineriakuka.com\/module\/categorysearch\/catesearch?fc=module&amp;module=categorysearch&amp;controller=catesearch&amp;orderby=position&amp;orderway=desc&amp;search_category=all&amp;search_query=arom%C3%A1tica&amp;submit_search=\">arom\u00e1ticas<\/a> (de tres a cuatro cent\u00edmetros del \u00faltimo crecimiento) para que sigan floreciendo. Puede aprovechar las espigas secas para hacer saquitos perfumados.<\/li>\n<li>Haz un alcorque a los<a href=\"http:\/\/jardineriakuka.com\/33-arboles\"> \u00e1rboles<\/a>: \u00a0 \u00a0 \u00a0 \u00a0 \u00a0 \u00a0 \u00a0 \u00a0 \u00a0 \u00a0 \u00a0 \u00a0 \u00a0 \u00a0 \u00a0 \u00a0 \u00a0 \u00a0 \u00a0 \u00a0 \u00a0 \u00a0 \u00a0 \u00a0 \u00a0 \u00a0 \u00a0 \u00a0 \u00a0 \u00a0 \u00a0 \u00a0 \u00a0 \u00a0 \u00a0 \u00a0 \u00a0 \u00a0 \u00a0 \u00a0 \u00a0 \u00a0 \u00a0 \u00a0 \u00a0 \u00a0 \u00a0 \u00a0 \u00a0 \u00a0 \u00a0 \u00a0 \u00a0 \u00a0 \u00a0 \u00a0 \u00a0 \u00a0 \u00a0 \u00a0 \u00a0 \u00a0 \u00a0 \u00a0 \u00a0 \u00a0 \u00a0 \u00a0 \u00a0 \u00a0 \u00a0 \u00a0 \u00a0 \u00a0 \u00a0 Cavar un alcorque en torno al tronco de los \u00e1rboles har\u00e1 que aprovechen mejor la lluvia y el riego. Vigila que no se llene de malas hierbas; para ello, lo mejor es acolcharlo con <a href=\"http:\/\/jardineriakuka.com\/gravas\/3926-corteza-de-pino.html?search_query=corteza+de+pino&amp;results=28\">corteza de pino<\/a> o alg\u00fan <a href=\"http:\/\/jardineriakuka.com\/abonos-granulados\/9383-mantillo-organico.html?search_query=arido&amp;results=2\">\u00e1rido<\/a>. Antes de irte de vacaciones ri\u00e9galos bien; haz lo mismo con los arbustos que hayas plantado este a\u00f1o.<\/li>\n<\/ul>\n<p>&nbsp;<\/p>\n<p><u>Plantas de flor<\/u><\/p>\n<ul>\n<li>Prot\u00e9gelas del golpe de calor: \u00a0 \u00a0 \u00a0 \u00a0 \u00a0 \u00a0 \u00a0 \u00a0 \u00a0 \u00a0 \u00a0 \u00a0 \u00a0 \u00a0 \u00a0 \u00a0 \u00a0 \u00a0 \u00a0 \u00a0 \u00a0 \u00a0 \u00a0 \u00a0 \u00a0 \u00a0 \u00a0 \u00a0 \u00a0 \u00a0 \u00a0 \u00a0 \u00a0 \u00a0 \u00a0 \u00a0 \u00a0 \u00a0 \u00a0 \u00a0 \u00a0 \u00a0 \u00a0 \u00a0 \u00a0 \u00a0 \u00a0 \u00a0 \u00a0 \u00a0 \u00a0 \u00a0 \u00a0 \u00a0 \u00a0 \u00a0 \u00a0 \u00a0 \u00a0 \u00a0 \u00a0 \u00a0 \u00a0 \u00a0 \u00a0 \u00a0 \u00a0 \u00a0 \u00a0 \u00a0 \u00a0 \u00a0 \u00a0 \u00a0 \u00a0 \u00a0 Como <a href=\"https:\/\/jardineriakuka.com\/module\/categorysearch\/catesearch?fc=module&amp;module=categorysearch&amp;controller=catesearch&amp;orderby=position&amp;orderway=desc&amp;search_category=all&amp;search_query=herb%C3%A1ceas&amp;submit_search=\">herb\u00e1ceas<\/a> que son, est\u00e1n m\u00e1s expuestas al golpe de calor, de efectos letales. Por ello, en estos d\u00edas tan calientes no descuides el riego.<\/li>\n<li>Controla la polilla del geranio: \u00a0 \u00a0 \u00a0 \u00a0 \u00a0 \u00a0 \u00a0 \u00a0 \u00a0 \u00a0 \u00a0 \u00a0 \u00a0 \u00a0 \u00a0 \u00a0 \u00a0 \u00a0 \u00a0 \u00a0 \u00a0 \u00a0 \u00a0 \u00a0 \u00a0 \u00a0 \u00a0 \u00a0 \u00a0 \u00a0 \u00a0 \u00a0 \u00a0 \u00a0 \u00a0 \u00a0 \u00a0 \u00a0 \u00a0 \u00a0 \u00a0 \u00a0 \u00a0 \u00a0 \u00a0 \u00a0 \u00a0 \u00a0 \u00a0 \u00a0 \u00a0 \u00a0 \u00a0 \u00a0 \u00a0 \u00a0 \u00a0 \u00a0 \u00a0 \u00a0 \u00a0 \u00a0 \u00a0 \u00a0 \u00a0 \u00a0 \u00a0 \u00a0 \u00a0 \u00a0 \u00a0 \u00a0 \u00a0 \u00a0 \u00a0<a href=\"https:\/\/jardineriakuka.com\/module\/categorysearch\/catesearch?fc=module&amp;module=categorysearch&amp;controller=catesearch&amp;orderby=position&amp;orderway=desc&amp;search_category=all&amp;search_query=+geranio&amp;submit_search=\"> Geranios<\/a>, <a href=\"https:\/\/jardineriakuka.com\/module\/categorysearch\/catesearch?fc=module&amp;module=categorysearch&amp;controller=catesearch&amp;orderby=position&amp;orderway=desc&amp;search_category=all&amp;search_query=gitanilla&amp;submit_search=\">gitanillas<\/a> y dem\u00e1s pelargonios sufren en esta \u00e9poca la amenaza de la polilla del geranio (Cacyreus marshalli). El insecto pone los huevos en las corolas y las larvas devoran el coraz\u00f3n de los tallos, causando la muerte de las plantas. Para prevenir sus da\u00f1os, act\u00faa de forma preventiva o en los primeros estadios larvarios. Puedes usar insecticidas biol\u00f3gicos basados en el extracto de <a href=\"https:\/\/jardineriakuka.com\/module\/categorysearch\/catesearch?fc=module&amp;module=categorysearch&amp;controller=catesearch&amp;orderby=position&amp;orderway=desc&amp;search_category=all&amp;search_query=neem&amp;submit_search=\">neem<\/a> o las esporas y toxinas del Bacillus thuringiensis \u2018Kurstaki\u2019 (<a href=\"https:\/\/www.jardineriakuka.com\/blog\/agenda-de-tareas-para-cada-mes\/tareas-para-el-mes-de-junio.html\">\u00bfQu\u00e9 son los fitosanitarios ecol\u00f3gicos?<\/a>).<\/li>\n<li>Elimina las flores viejas: \u00a0 \u00a0 \u00a0 \u00a0 \u00a0 \u00a0 \u00a0 \u00a0 \u00a0 \u00a0 \u00a0 \u00a0 \u00a0 \u00a0 \u00a0 \u00a0 \u00a0 \u00a0 \u00a0 \u00a0 \u00a0 \u00a0 \u00a0 \u00a0 \u00a0 \u00a0 \u00a0 \u00a0 \u00a0 \u00a0 \u00a0 \u00a0 \u00a0 \u00a0 \u00a0 \u00a0 \u00a0 \u00a0 \u00a0 \u00a0 \u00a0 \u00a0 \u00a0 \u00a0 \u00a0 \u00a0 \u00a0 \u00a0 \u00a0 \u00a0 \u00a0 \u00a0 \u00a0 \u00a0 \u00a0 \u00a0 \u00a0 \u00a0 \u00a0 \u00a0 \u00a0 \u00a0 \u00a0 \u00a0 \u00a0 \u00a0 \u00a0 \u00a0 \u00a0 \u00a0 \u00a0 \u00a0 \u00a0 \u00a0 \u00a0 \u00a0 \u00a0 \u00a0 \u00a0 \u00a0 \u00a0 \u00a0 Si quieres alargar la floraci\u00f3n de las <a href=\"https:\/\/jardineriakuka.com\/module\/categorysearch\/catesearch?fc=module&amp;module=categorysearch&amp;controller=catesearch&amp;orderby=position&amp;orderway=desc&amp;search_category=all&amp;search_query=vivaces&amp;submit_search=\">vivaces<\/a> y anuales, p\u00ednzalas a medida que vayan muriendo las flores. <a href=\"https:\/\/www.jardineriakuka.com\/blog\/jardines\/abono-para-la-floracion-de-sus-plantas.html\">Ver trucos para que la floraci\u00f3n dure m\u00e1s.<\/a><\/li>\n<li>Entutora dalias, gladiolos&#8230;: \u00a0 \u00a0 \u00a0 \u00a0 \u00a0 \u00a0 \u00a0 \u00a0 \u00a0 \u00a0 \u00a0 \u00a0 \u00a0 \u00a0 \u00a0 \u00a0 \u00a0 \u00a0 \u00a0 \u00a0 \u00a0 \u00a0 \u00a0 \u00a0 \u00a0 \u00a0 \u00a0 \u00a0 \u00a0 \u00a0 \u00a0 \u00a0 \u00a0 \u00a0 \u00a0 \u00a0 \u00a0 \u00a0 \u00a0 \u00a0 \u00a0 \u00a0 \u00a0 \u00a0 \u00a0 \u00a0 \u00a0 \u00a0 \u00a0 \u00a0 \u00a0 \u00a0 \u00a0 \u00a0 \u00a0 \u00a0 \u00a0 \u00a0 \u00a0 \u00a0 \u00a0 \u00a0 \u00a0 \u00a0 \u00a0 \u00a0 \u00a0 \u00a0 \u00a0 \u00a0 \u00a0 \u00a0 \u00a0 \u00a0 \u00a0 \u00a0 \u00a0 Las plantas altas y de tallos delgados que sostienen grandes flores, como las <a href=\"https:\/\/jardineriakuka.com\/module\/categorysearch\/catesearch?fc=module&amp;module=categorysearch&amp;controller=catesearch&amp;orderby=position&amp;orderway=desc&amp;search_category=all&amp;search_query=dalia&amp;submit_search=\">dalias<\/a>, <a href=\"https:\/\/jardineriakuka.com\/module\/categorysearch\/catesearch?fc=module&amp;module=categorysearch&amp;controller=catesearch&amp;orderby=position&amp;orderway=desc&amp;search_category=all&amp;search_query=peon%C3%ADa&amp;submit_search=\">peon\u00edas<\/a>, <a href=\"https:\/\/jardineriakuka.com\/module\/categorysearch\/catesearch?fc=module&amp;module=categorysearch&amp;controller=catesearch&amp;orderby=position&amp;orderway=desc&amp;search_category=all&amp;search_query=gladiolo&amp;submit_search=\">gladiolos<\/a>, azucenas, ca\u00f1as de las Indias, e incluso las margaritas, necesitan que les coloques tutores.<\/li>\n<li>Previene el golpe de calor: \u00a0 \u00a0 \u00a0 \u00a0 \u00a0 \u00a0 \u00a0 \u00a0 \u00a0 \u00a0 \u00a0 \u00a0 \u00a0 \u00a0 \u00a0 \u00a0 \u00a0 \u00a0 \u00a0 \u00a0 \u00a0 \u00a0 \u00a0 \u00a0 \u00a0 \u00a0 \u00a0 \u00a0 \u00a0 \u00a0 \u00a0 \u00a0 \u00a0 \u00a0 \u00a0 \u00a0 \u00a0 \u00a0 \u00a0 \u00a0 \u00a0 \u00a0 \u00a0 \u00a0 \u00a0 \u00a0 \u00a0 \u00a0 \u00a0 \u00a0 \u00a0 \u00a0 \u00a0 \u00a0 \u00a0 \u00a0 \u00a0 \u00a0 \u00a0 \u00a0 \u00a0 \u00a0 \u00a0 \u00a0 \u00a0 \u00a0 \u00a0 \u00a0 \u00a0 \u00a0 \u00a0 \u00a0 \u00a0 \u00a0 \u00a0 \u00a0 \u00a0 \u00a0 Defiende a tus plantas de flor (recuerda que son <a href=\"https:\/\/jardineriakuka.com\/module\/categorysearch\/catesearch?fc=module&amp;module=categorysearch&amp;controller=catesearch&amp;orderby=position&amp;orderway=desc&amp;search_category=all&amp;search_query=herb%C3%A1ceas&amp;submit_search=\">herb\u00e1ceas<\/a>) del efecto de las altas temperaturas asegur\u00e1ndoles la provisi\u00f3n de agua necesaria. Solo as\u00ed ser\u00e1n capaces de resistir una brusca subida del term\u00f3metro.<\/li>\n<\/ul>\n<p>&nbsp;<\/p>\n<p><u><a href=\"http:\/\/jardineriakuka.com\/253-plantas-de-interior\">Plantas de interior<\/a><\/u><\/p>\n<ul>\n<li>Aseg\u00farales una buena hidrataci\u00f3n: \u00a0 \u00a0 \u00a0 \u00a0 \u00a0 \u00a0 \u00a0 \u00a0 \u00a0 \u00a0 \u00a0 \u00a0 \u00a0 \u00a0 \u00a0 \u00a0 \u00a0 \u00a0 \u00a0 \u00a0 \u00a0 \u00a0 \u00a0 \u00a0 \u00a0 \u00a0 \u00a0 \u00a0 \u00a0 \u00a0 \u00a0 \u00a0 \u00a0 \u00a0 \u00a0 \u00a0 \u00a0 \u00a0 \u00a0 \u00a0 \u00a0 \u00a0 \u00a0 \u00a0 \u00a0 \u00a0 \u00a0 \u00a0 \u00a0 \u00a0 \u00a0 \u00a0 \u00a0 \u00a0 \u00a0 \u00a0 \u00a0 \u00a0 \u00a0 \u00a0 \u00a0 \u00a0 \u00a0 \u00a0 \u00a0 \u00a0 \u00a0 \u00a0 \u00a0 \u00a0 \u00a0 \u00a0 \u00a0 Un fin de semana de verano sin agua suficiente puede dejarte sin tus plantas de interior. Si te ausentas, aseg\u00farales la hidrataci\u00f3n necesaria. No todas precisan la misma cantidad de agua, pero en general evita el exceso de riego y sobre todo el encharcamiento, que propicia la aparici\u00f3n de pat\u00f3genos. Agr\u00fapalas para generar un microclima m\u00e1s h\u00famedo, y no dejes de pulverizarlas con agua destilada o descalcificada al menos un par de veces al d\u00eda. Si sales de vacaciones, lee nuestras recomendaciones para vacaciones.<\/li>\n<li>Impide que las ataque la ara\u00f1a roja: \u00a0 \u00a0 \u00a0 \u00a0 \u00a0 \u00a0 \u00a0 \u00a0 \u00a0 \u00a0 \u00a0 \u00a0 \u00a0 \u00a0 \u00a0 \u00a0 \u00a0 \u00a0 \u00a0 \u00a0 \u00a0 \u00a0 \u00a0 \u00a0 \u00a0 \u00a0 \u00a0 \u00a0 \u00a0 \u00a0 \u00a0 \u00a0 \u00a0 \u00a0 \u00a0 \u00a0 \u00a0 \u00a0 \u00a0 \u00a0 \u00a0 \u00a0 \u00a0 \u00a0 \u00a0 \u00a0 \u00a0 \u00a0 \u00a0 \u00a0 \u00a0 \u00a0 \u00a0 \u00a0 \u00a0 \u00a0 \u00a0 \u00a0 \u00a0 \u00a0 \u00a0 \u00a0 \u00a0 \u00a0 \u00a0 \u00a0 \u00a0 \u00a0 \u00a0 \u00a0 Si el follaje est\u00e1 bien humectado mantendr\u00e1s a raya a la <a href=\"https:\/\/www.jardineriakuka.com\/blog\/jardines\/plagas-y-enfermedades-de-las-palmeras.html\">ara\u00f1a roja<\/a>, un \u00e1caro que nace gracias al calor y la sequedad ambiental. Sabr\u00e1s que ha atacado cuando las hojas comiencen a perder color y secarse; en el env\u00e9s podr\u00e1s observar unas fin\u00edsimas telas con las min\u00fasculas ara\u00f1as. Roc\u00edalas con agua; si no se van, aplica un <a href=\"http:\/\/jardineriakuka.com\/fitosanitarios\/195-acaricida-insecticida.html?search_query=acaricida&amp;results=14\">acaricida<\/a>.<\/li>\n<li>Deja de abonarlas: \u00a0 \u00a0 \u00a0 \u00a0 \u00a0 \u00a0 \u00a0 \u00a0 \u00a0 \u00a0 \u00a0 \u00a0 \u00a0 \u00a0 \u00a0 \u00a0 \u00a0 \u00a0 \u00a0 \u00a0 \u00a0 \u00a0 \u00a0 \u00a0 \u00a0 \u00a0 \u00a0 \u00a0 \u00a0 \u00a0 \u00a0 \u00a0 \u00a0 \u00a0 \u00a0 \u00a0 \u00a0 \u00a0 \u00a0 \u00a0 \u00a0 \u00a0 \u00a0 \u00a0 \u00a0 \u00a0 \u00a0 \u00a0 \u00a0 \u00a0 \u00a0 \u00a0 \u00a0 \u00a0 \u00a0 \u00a0 \u00a0 \u00a0 \u00a0 \u00a0 \u00a0 \u00a0 \u00a0 \u00a0 \u00a0 \u00a0 \u00a0 \u00a0 \u00a0 \u00a0 \u00a0 \u00a0 \u00a0 \u00a0 \u00a0 \u00a0 \u00a0 \u00a0 \u00a0 \u00a0 \u00a0 \u00a0 \u00a0 \u00a0 \u00a0 En julio y agosto suspende los aportes de fertilizante a tus plantas de interior; deber\u00e1s reiniciarlos en septiembre.<\/li>\n<\/ul>\n<p>&nbsp;<\/p>\n<p><u>Huerto<\/u><\/p>\n<ul>\n<li>Tiempo de cosecha: \u00a0 \u00a0 \u00a0 \u00a0 \u00a0 \u00a0 \u00a0 \u00a0 \u00a0 \u00a0 \u00a0 \u00a0 \u00a0 \u00a0 \u00a0 \u00a0 \u00a0 \u00a0 \u00a0 \u00a0 \u00a0 \u00a0 \u00a0 \u00a0 \u00a0 \u00a0 \u00a0 \u00a0 \u00a0 \u00a0 \u00a0 \u00a0 \u00a0 \u00a0 \u00a0 \u00a0 \u00a0 \u00a0 \u00a0 \u00a0 \u00a0 \u00a0 \u00a0 \u00a0 \u00a0 \u00a0 \u00a0 \u00a0 \u00a0 \u00a0 \u00a0 \u00a0 \u00a0 \u00a0 \u00a0 \u00a0 \u00a0 \u00a0 \u00a0 \u00a0 \u00a0 \u00a0 \u00a0 \u00a0 \u00a0 \u00a0 \u00a0 \u00a0 \u00a0 \u00a0 \u00a0 \u00a0 \u00a0 \u00a0 \u00a0 \u00a0 \u00a0 \u00a0 \u00a0 \u00a0 \u00a0 \u00a0 \u00a0 \u00a0 Ya empieza a haber <a href=\"https:\/\/jardineriakuka.com\/module\/categorysearch\/catesearch?fc=module&amp;module=categorysearch&amp;controller=catesearch&amp;orderby=position&amp;orderway=desc&amp;search_category=all&amp;search_query=melocoton&amp;submit_search=\">melocotones<\/a>, <a href=\"https:\/\/jardineriakuka.com\/module\/categorysearch\/catesearch?fc=module&amp;module=categorysearch&amp;controller=catesearch&amp;orderby=position&amp;orderway=desc&amp;search_category=all&amp;search_query=albaricoque&amp;submit_search=\">albaricoques<\/a> y <a href=\"https:\/\/jardineriakuka.com\/module\/categorysearch\/catesearch?fc=module&amp;module=categorysearch&amp;controller=catesearch&amp;orderby=position&amp;orderway=desc&amp;search_category=all&amp;search_query=ciruelo&amp;submit_search=\">ciruelos<\/a> maduros en los \u00e1rboles, y <a href=\"https:\/\/jardineriakuka.com\/module\/categorysearch\/catesearch?fc=module&amp;module=categorysearch&amp;controller=catesearch&amp;orderby=position&amp;orderway=desc&amp;search_category=all&amp;search_query=melon&amp;submit_search=\">melones<\/a>, sand\u00edas, jud\u00edas verdes, patatas tard\u00edas, cebollas, nabos, zanahorias, lechugas, tomates, calabacines y pepinos en el huerto\u2026 Si has aplicado productos fitosanitarios respeta el periodo de seguridad antes de consumir los frutos y hortalizas. No te olvides de poner tutores a las tomateras y pimenteras.<\/li>\n<li>Siembra para el oto\u00f1o y el invierno: \u00a0 \u00a0 \u00a0 \u00a0 \u00a0 \u00a0 \u00a0 \u00a0 \u00a0 \u00a0 \u00a0 \u00a0 \u00a0 \u00a0 \u00a0 \u00a0 \u00a0 \u00a0 \u00a0 \u00a0 \u00a0 \u00a0 \u00a0 \u00a0 \u00a0 \u00a0 \u00a0 \u00a0 \u00a0 \u00a0 \u00a0 \u00a0 \u00a0 \u00a0 \u00a0 \u00a0 \u00a0 \u00a0 \u00a0 \u00a0 \u00a0 \u00a0 \u00a0 \u00a0 \u00a0 \u00a0 \u00a0 \u00a0 \u00a0 \u00a0 \u00a0 \u00a0 \u00a0 \u00a0 \u00a0 \u00a0 \u00a0 \u00a0 \u00a0 \u00a0 \u00a0 \u00a0 \u00a0 \u00a0 \u00a0 \u00a0 \u00a0 \u00a0 \u00a0 \u00a0 Ha llegado el momento de iniciar las siembras del huerto de oto\u00f1o: br\u00f3coli, col, lombarda, coliflor, escarola, lechuga de invierno, remolacha&#8230; adem\u00e1s de zanahoria, acelga, espinaca, nabo, que pueden sembrarse todo el a\u00f1o.<\/li>\n<li>Hemos de tener en cuenta la mosca del higo, la \u00abmosca del mediterr\u00e1neo\u00bb \u00a0es la que se encarga todos los a\u00f1os de atacar los frutos de las higueras, estando verdes, con lo que maduran antes, pero es porque tienen gusanos dentro, tambi\u00e9n lo hacen en toda clase de fruta. Para hacer un buen control hay que poner un mosquero con \u00abestarce\u00bb , y situarlo en la parte soleada del frutal. Con ello rebajaremos mucho la poblaci\u00f3n de mosca.<\/li>\n<li>La plaga de la tutta en los tomates,\u00a0la tutta son unos gusanos de peque\u00f1o tama\u00f1o que taladran todas las partes tiernas de los tomates, hojas, brotes y frutos. En los primeros ciclos de la plaga casi no se aprecia, pero es cuando hay que empezar a tratar, despu\u00e9s puede ser demasiado tarde. Para combatirlos, se utilizan productos biol\u00f3gicos como el \u00abneem\u00bb y \u00abbacilus thuringiensis\u00bb, debe de tratarse todas las semanas.<\/li>\n<\/ul>\n<p>&nbsp;<\/p>\n<p><u>La pradera<\/u><\/p>\n<ul>\n<li>Defiende el c\u00e9sped del calor: \u00a0 \u00a0 \u00a0 \u00a0 \u00a0 \u00a0 \u00a0 \u00a0 \u00a0 \u00a0 \u00a0 \u00a0 \u00a0 \u00a0 \u00a0 \u00a0 \u00a0 \u00a0 \u00a0 \u00a0 \u00a0 \u00a0 \u00a0 \u00a0 \u00a0 \u00a0 \u00a0 \u00a0 \u00a0 \u00a0 \u00a0 \u00a0 \u00a0 \u00a0 \u00a0 \u00a0 \u00a0 \u00a0 \u00a0 \u00a0 \u00a0 \u00a0 \u00a0 \u00a0 \u00a0 \u00a0 \u00a0 \u00a0 \u00a0 \u00a0 \u00a0 \u00a0 \u00a0 \u00a0 \u00a0 \u00a0 \u00a0 \u00a0 \u00a0 \u00a0 \u00a0 \u00a0 \u00a0 \u00a0 \u00a0 \u00a0 \u00a0 \u00a0 \u00a0 \u00a0 \u00a0 \u00a0 \u00a0 \u00a0 \u00a0 \u00a0 \u00a0 Si tienes un c\u00e9sped cl\u00e1sico, pasa el corta c\u00e9sped con mayor\u00a0frecuencia y deja la hierba m\u00e1s alta para evitar que amarillee. Vigila que no le falte riego. Si no hiciera tanto calor conviene actuar como en junio. Consulta Cuidados del c\u00e9sped: \u00bfC\u00f3mo conseguir una pradera de foto?<\/li>\n<li>Antes de salir de vacaciones: \u00a0 \u00a0 \u00a0 \u00a0 \u00a0 \u00a0 \u00a0 \u00a0 \u00a0 \u00a0 \u00a0 \u00a0 \u00a0 \u00a0 \u00a0 \u00a0 \u00a0 \u00a0 \u00a0 \u00a0 \u00a0 \u00a0 \u00a0 \u00a0 \u00a0 \u00a0 \u00a0 \u00a0 \u00a0 \u00a0 \u00a0 \u00a0 \u00a0 \u00a0 \u00a0 \u00a0 \u00a0 \u00a0 \u00a0 \u00a0 \u00a0 \u00a0 \u00a0 \u00a0 \u00a0 \u00a0 \u00a0 \u00a0 \u00a0 \u00a0 \u00a0 \u00a0 \u00a0 \u00a0 \u00a0 \u00a0 \u00a0 \u00a0 \u00a0 \u00a0 \u00a0 \u00a0 \u00a0 \u00a0 \u00a0 \u00a0 \u00a0 \u00a0 \u00a0 \u00a0 \u00a0 \u00a0 \u00a0 \u00a0 \u00a0 \u00a0 \u00a0 \u00a0 Siega el c\u00e9sped antes de ausentarte, pero dejando dos tercios de la altura: as\u00ed aguantar\u00e1 mejor el efecto del sol durante un par de semanas. P\u00e1sele el rodillo de p\u00faas o escarificador para que absorba bien el agua, y revisa el sistema de riego y los aspersores.<\/li>\n<li>Es muy importante regar el c\u00e9sped a media noche, as\u00ed se evita muchas plagas que aparecen si est\u00e1 el c\u00e9sped muchas horas mojado y con la calor se junta el clima id\u00f3neo para la proliferaci\u00f3n de las mismas.<\/li>\n<\/ul>\n<p>&nbsp;<\/p>\n<p><u>OTRAS TAREAS<\/u><\/p>\n<ul>\n<li>Un jard\u00edn m\u00e1s fresco: \u00a0 \u00a0 \u00a0 \u00a0 \u00a0 \u00a0 \u00a0 \u00a0 \u00a0 \u00a0 \u00a0 \u00a0 \u00a0 \u00a0 \u00a0 \u00a0 \u00a0 \u00a0 \u00a0 \u00a0 \u00a0 \u00a0 \u00a0 \u00a0 \u00a0 \u00a0 \u00a0 \u00a0 \u00a0 \u00a0 \u00a0 \u00a0 \u00a0 \u00a0 \u00a0 \u00a0 \u00a0 \u00a0 \u00a0 \u00a0 \u00a0 \u00a0 \u00a0 \u00a0 \u00a0 \u00a0 \u00a0 \u00a0 \u00a0 \u00a0 \u00a0 \u00a0 \u00a0 \u00a0 \u00a0 \u00a0 \u00a0 \u00a0 \u00a0 \u00a0 \u00a0 \u00a0 \u00a0 \u00a0 \u00a0 \u00a0 \u00a0 \u00a0 \u00a0 \u00a0 \u00a0 \u00a0 \u00a0 \u00a0 \u00a0 \u00a0 \u00a0 \u00a0 \u00a0 \u00a0 \u00a0 \u00a0Los sistemas de nebulizaci\u00f3n de agua emiten fin\u00edsimas gotas que se evaporan r\u00e1pidamentente en el ambiente rebajando la temperatura varios grados (entre 7 y 11\u00ba) e incrementando la humedad, sin mojar. Tambi\u00e9n se pueden usar en terrazas. Ver Nebulizadores: refrescante niebla de verano.<\/li>\n<li>Renovar con detalles: \u00a0 \u00a0 \u00a0 \u00a0 \u00a0 \u00a0 \u00a0 \u00a0 \u00a0 \u00a0 \u00a0 \u00a0 \u00a0 \u00a0 \u00a0 \u00a0 \u00a0 \u00a0 \u00a0 \u00a0 \u00a0 \u00a0 \u00a0 \u00a0 \u00a0 \u00a0 \u00a0 \u00a0 \u00a0 \u00a0 \u00a0 \u00a0 \u00a0 \u00a0 \u00a0 \u00a0 \u00a0 \u00a0 \u00a0 \u00a0 \u00a0 \u00a0 \u00a0 \u00a0 \u00a0 \u00a0 \u00a0 \u00a0 \u00a0 \u00a0 \u00a0 \u00a0 \u00a0 \u00a0 \u00a0 \u00a0 \u00a0 \u00a0 \u00a0 \u00a0 \u00a0 \u00a0 \u00a0 \u00a0 \u00a0 \u00a0 \u00a0 \u00a0 \u00a0 \u00a0 \u00a0 \u00a0 \u00a0 \u00a0 \u00a0 \u00a0 \u00a0 \u00a0 \u00a0 \u00a0 \u00a0 \u00a0 \u00a0 No hace falta un cambio radical para actualizar el mobiliario de tu sal\u00f3n al aire libre. A veces basta con nuevos complementos o peque\u00f1os objetos. P\u00e1sate por tu centro de jardiner\u00eda.<\/li>\n<li>Si sales de vacaciones: \u00a0 \u00a0 \u00a0 \u00a0 \u00a0 \u00a0 \u00a0 \u00a0 \u00a0 \u00a0 \u00a0 \u00a0 \u00a0 \u00a0 \u00a0 \u00a0 \u00a0 \u00a0 \u00a0 \u00a0 \u00a0 \u00a0 \u00a0 \u00a0 \u00a0 \u00a0 \u00a0 \u00a0 \u00a0 \u00a0 \u00a0 \u00a0 \u00a0 \u00a0 \u00a0 \u00a0 \u00a0 \u00a0 \u00a0 \u00a0 \u00a0 \u00a0 \u00a0 \u00a0 \u00a0 \u00a0 \u00a0 \u00a0 \u00a0 \u00a0 \u00a0 \u00a0 \u00a0 \u00a0 \u00a0 \u00a0 \u00a0 \u00a0 \u00a0 \u00a0 \u00a0 \u00a0 \u00a0 \u00a0 \u00a0 \u00a0 \u00a0 \u00a0 \u00a0 \u00a0 \u00a0 \u00a0 \u00a0 \u00a0 \u00a0 \u00a0 \u00a0 \u00a0 \u00a0 \u00a0 \u00a0 Lee nuestros consejos en la agenda de agosto.<\/li>\n<\/ul>\n<p>&nbsp;<\/p>\n<p>&nbsp;<\/p>\n<p>&nbsp;<\/p>\n<p><u>\u00a0<\/u><\/p>\n<p>&nbsp;<\/p>\n<p>&nbsp;<\/p>\n<p><u>\u00a0<\/u><\/p>\n<p>&nbsp;<\/p>\n<p>&nbsp;<\/p>\n<p>&nbsp;<\/p>\n<p><u>\u00a0<\/u><\/p>\n<p>&nbsp;<\/p>\n<p>&nbsp;<\/p>\n<p>&nbsp;<\/p>\n<p>&nbsp;<\/p>\n<p>&nbsp;<\/p>\n<p>&nbsp;<\/p>\n<p><u>\u00a0<\/u><\/p>\n<p>&nbsp;<\/p>\n<p>&nbsp;<\/p>\n<p>&nbsp;<\/p>\n<p>&nbsp;<\/p>\n<p>&nbsp;<\/p>\n<p>&nbsp;<\/p>\n<p>&nbsp;<\/p>\n","protected":false},"excerpt":{"rendered":"<p>\u00a0JULIO\u00a0 Como dice el refr\u00e1n \u201cpor San Ferm\u00edn el calor no tiene fin\u00bb. La \u00faltima quincena de julio y la primera de agosto suponen un claro desaf\u00edo a la resistencia de las plantas. El riego es esencial. Las noches suponen un alivio para el jard\u00edn y la terraza&#8230; \u00a1y es el momento ideal para disfrutarlos! [&hellip;]<\/p>\n","protected":false},"author":2,"featured_media":0,"comment_status":"closed","ping_status":"closed","sticky":false,"template":"","format":"standard","meta":{"footnotes":""},"categories":[1],"tags":[],"class_list":["post-2705","post","type-post","status-publish","format-standard","hentry","category-jardineria-kuka"],"_links":{"self":[{"href":"https:\/\/jardineriakuka.com\/blog\/wp-json\/wp\/v2\/posts\/2705","targetHints":{"allow":["GET"]}}],"collection":[{"href":"https:\/\/jardineriakuka.com\/blog\/wp-json\/wp\/v2\/posts"}],"about":[{"href":"https:\/\/jardineriakuka.com\/blog\/wp-json\/wp\/v2\/types\/post"}],"author":[{"embeddable":true,"href":"https:\/\/jardineriakuka.com\/blog\/wp-json\/wp\/v2\/users\/2"}],"replies":[{"embeddable":true,"href":"https:\/\/jardineriakuka.com\/blog\/wp-json\/wp\/v2\/comments?post=2705"}],"version-history":[{"count":0,"href":"https:\/\/jardineriakuka.com\/blog\/wp-json\/wp\/v2\/posts\/2705\/revisions"}],"wp:attachment":[{"href":"https:\/\/jardineriakuka.com\/blog\/wp-json\/wp\/v2\/media?parent=2705"}],"wp:term":[{"taxonomy":"category","embeddable":true,"href":"https:\/\/jardineriakuka.com\/blog\/wp-json\/wp\/v2\/categories?post=2705"},{"taxonomy":"post_tag","embeddable":true,"href":"https:\/\/jardineriakuka.com\/blog\/wp-json\/wp\/v2\/tags?post=2705"}],"curies":[{"name":"wp","href":"https:\/\/api.w.org\/{rel}","templated":true}]}}