{"id":2715,"date":"2021-08-17T11:15:03","date_gmt":"2021-08-17T11:15:03","guid":{"rendered":"https:\/\/jardineriakuka.com\/blog\/cyclamen-la-planta-de-invierno-n352\/"},"modified":"2023-01-03T10:11:27","modified_gmt":"2023-01-03T10:11:27","slug":"cyclamen-la-planta-de-invierno-n352","status":"publish","type":"post","link":"https:\/\/jardineriakuka.com\/blog\/cyclamen-la-planta-de-invierno-n352\/","title":{"rendered":"Cyclamen, la planta de Invierno."},"content":{"rendered":"\t\t<div data-elementor-type=\"wp-post\" data-elementor-id=\"2715\" class=\"elementor elementor-2715\" data-elementor-post-type=\"post\">\n\t\t\t\t\t\t\t\t\t<section class=\"elementor-section elementor-top-section elementor-element elementor-element-e9565de elementor-section-boxed elementor-section-height-default elementor-section-height-default\" data-id=\"e9565de\" data-element_type=\"section\">\n\t\t\t\t\t\t<div class=\"elementor-container elementor-column-gap-wider\">\n\t\t\t\t\t<div class=\"elementor-column elementor-col-50 elementor-top-column elementor-element elementor-element-02b7edb\" data-id=\"02b7edb\" data-element_type=\"column\">\n\t\t\t<div class=\"elementor-widget-wrap elementor-element-populated\">\n\t\t\t\t\t\t\t\t<div class=\"elementor-element elementor-element-a9a80c8 elementor-widget elementor-widget-heading\" data-id=\"a9a80c8\" data-element_type=\"widget\" data-widget_type=\"heading.default\">\n\t\t\t\t<div class=\"elementor-widget-container\">\n\t\t\t<h2 class=\"elementor-heading-title elementor-size-default\">Cyclamen<\/h2>\t\t<\/div>\n\t\t\t\t<\/div>\n\t\t\t\t<div class=\"elementor-element elementor-element-62b4b59 elementor-widget elementor-widget-text-editor\" data-id=\"62b4b59\" data-element_type=\"widget\" data-widget_type=\"text-editor.default\">\n\t\t\t\t<div class=\"elementor-widget-container\">\n\t\t\t\t\t\t\t<p>El\u00a0Cyclamen\u00a0es una planta de flor t\u00edpica del invierno. Entre ellas se encuentra el\u00a0Cyclamen Persicum\u00a0(el popular), conocido tambi\u00e9n como violeta persa o violeta de los Alpes.<\/p><p>Esta\u00a0vivaz, que suele utilizarse como anual, es una herb\u00e1cea tuberosa originaria del Mediterr\u00e1neo oriental.<\/p><p>Sus h\u00edbridos se usan en interiores, aunque tambi\u00e9n se utilizan para jardines.<\/p>\t\t\t\t\t\t<\/div>\n\t\t\t\t<\/div>\n\t\t\t\t<div class=\"elementor-element elementor-element-857b67b elementor-align-center elementor-widget elementor-widget-button\" data-id=\"857b67b\" data-element_type=\"widget\" data-widget_type=\"button.default\">\n\t\t\t\t<div class=\"elementor-widget-container\">\n\t\t\t\t\t<div class=\"elementor-button-wrapper\">\n\t\t\t<a class=\"elementor-button elementor-button-link elementor-size-md\" href=\"https:\/\/jardineriakuka.com\/busqueda?controller=search&#038;s=cyclamen\">\n\t\t\t\t\t\t<span class=\"elementor-button-content-wrapper\">\n\t\t\t\t\t\t<span class=\"elementor-button-text\">quiero un Cyclamen para mi hogar<\/span>\n\t\t<\/span>\n\t\t\t\t\t<\/a>\n\t\t<\/div>\n\t\t\t\t<\/div>\n\t\t\t\t<\/div>\n\t\t\t\t\t<\/div>\n\t\t<\/div>\n\t\t\t\t<div class=\"elementor-column elementor-col-50 elementor-top-column elementor-element elementor-element-4221c38\" data-id=\"4221c38\" data-element_type=\"column\">\n\t\t\t<div class=\"elementor-widget-wrap elementor-element-populated\">\n\t\t\t\t\t\t\t\t<div class=\"elementor-element elementor-element-556879e elementor-widget elementor-widget-image\" data-id=\"556879e\" data-element_type=\"widget\" data-widget_type=\"image.default\">\n\t\t\t\t<div class=\"elementor-widget-container\">\n\t\t\t\t\t\t\t\t\t\t\t\t\t\t\t\t<a href=\"https:\/\/jardineriakuka.com\/plantas-de-interior\/12157-123718-medinella-magnifica-flamenco.html#\/2758-colores_flores-rojo\/9347-plantas_de_interior-cont_o_17_cm_alt_total_040_060_cm_3_5_flores\">\n\t\t\t\t\t\t\t<img loading=\"lazy\" decoding=\"async\" width=\"600\" height=\"400\" src=\"https:\/\/jardineriakuka.com\/blog\/wp-content\/uploads\/2021\/08\/103.png\" class=\"attachment-medium_large size-medium_large wp-image-3548\" alt=\"\" srcset=\"https:\/\/jardineriakuka.com\/blog\/wp-content\/uploads\/2021\/08\/103.png 600w, https:\/\/jardineriakuka.com\/blog\/wp-content\/uploads\/2021\/08\/103-300x200.png 300w\" sizes=\"auto, (max-width: 600px) 100vw, 600px\" \/>\t\t\t\t\t\t\t\t<\/a>\n\t\t\t\t\t\t\t\t\t\t\t\t\t\t\t<\/div>\n\t\t\t\t<\/div>\n\t\t\t\t\t<\/div>\n\t\t<\/div>\n\t\t\t\t\t\t\t<\/div>\n\t\t<\/section>\n\t\t\t\t<section class=\"elementor-section elementor-top-section elementor-element elementor-element-9de854c elementor-section-boxed elementor-section-height-default elementor-section-height-default\" data-id=\"9de854c\" data-element_type=\"section\" data-settings=\"{&quot;background_background&quot;:&quot;slideshow&quot;,&quot;background_slideshow_gallery&quot;:[],&quot;background_slideshow_loop&quot;:&quot;yes&quot;,&quot;background_slideshow_slide_duration&quot;:5000,&quot;background_slideshow_slide_transition&quot;:&quot;fade&quot;,&quot;background_slideshow_transition_duration&quot;:500}\">\n\t\t\t\t\t\t\t<div class=\"elementor-background-overlay\"><\/div>\n\t\t\t\t\t\t\t<div class=\"elementor-container elementor-column-gap-wider\">\n\t\t\t\t\t<div class=\"elementor-column elementor-col-100 elementor-top-column elementor-element elementor-element-618702a\" data-id=\"618702a\" data-element_type=\"column\" data-settings=\"{&quot;background_background&quot;:&quot;classic&quot;}\">\n\t\t\t<div class=\"elementor-widget-wrap elementor-element-populated\">\n\t\t\t\t\t\t\t\t<section class=\"elementor-section elementor-inner-section elementor-element elementor-element-b32e069 elementor-section-boxed elementor-section-height-default elementor-section-height-default\" data-id=\"b32e069\" data-element_type=\"section\">\n\t\t\t\t\t\t<div class=\"elementor-container elementor-column-gap-wider\">\n\t\t\t\t\t<div class=\"elementor-column elementor-col-50 elementor-inner-column elementor-element elementor-element-5631c90\" data-id=\"5631c90\" data-element_type=\"column\">\n\t\t\t<div class=\"elementor-widget-wrap elementor-element-populated\">\n\t\t\t\t\t\t\t\t<div class=\"elementor-element elementor-element-047bd35 elementor-widget elementor-widget-text-editor\" data-id=\"047bd35\" data-element_type=\"widget\" data-widget_type=\"text-editor.default\">\n\t\t\t\t<div class=\"elementor-widget-container\">\n\t\t\t\t\t\t\t<p><b style=\"color: var( --e-global-color-text ); font-family: var( --e-global-typography-text-font-family ), Sans-serif; font-size: 1rem;\">Flores<\/b><\/p><p>El\u00a0Cyclamen\u00a0es una peque\u00f1a planta que destaca por sus vistosas y coloridas flores: rosa, blanco, rojo, p\u00farpura&#8230; sus p\u00e9talos son aterciopelados.<\/p><p>Las flores suelen surgir desde finales del oto\u00f1o hasta la primavera. Tanto las flores como las hojas, crecen sobre largos peciolos, que surgen de un punto del tallo tuberoso.<\/p><p>Hay Cyclamenes de\u00a0flores grandes\u00a0y de\u00a0flores minis.<\/p><p><!-- \/wp:paragraph --><!-- wp:paragraph --><\/p>\t\t\t\t\t\t<\/div>\n\t\t\t\t<\/div>\n\t\t\t\t\t<\/div>\n\t\t<\/div>\n\t\t\t\t<div class=\"elementor-column elementor-col-50 elementor-inner-column elementor-element elementor-element-aaf5adf\" data-id=\"aaf5adf\" data-element_type=\"column\">\n\t\t\t<div class=\"elementor-widget-wrap elementor-element-populated\">\n\t\t\t\t\t\t\t\t<div class=\"elementor-element elementor-element-08b566c elementor-widget elementor-widget-text-editor\" data-id=\"08b566c\" data-element_type=\"widget\" data-widget_type=\"text-editor.default\">\n\t\t\t\t<div class=\"elementor-widget-container\">\n\t\t\t\t\t\t\t<p><b style=\"color: var( --e-global-color-text ); font-family: var( --e-global-typography-text-font-family ), Sans-serif; font-size: 1rem;\">Hojas<\/b><\/p><p>Las hojas del\u00a0Cyclamen\u00a0son grandes y redondas (en forma de coraz\u00f3n). Son de color verde por arriba y rojizas por abajo, tienen unas l\u00edneas gris\u00e1ceas haciendo dibujos decorativos.<\/p><p>Las hojas del\u00a0Cyclamen\u00a0son perennes.<\/p><p><!-- \/wp:paragraph --><!-- wp:paragraph --><\/p>\t\t\t\t\t\t<\/div>\n\t\t\t\t<\/div>\n\t\t\t\t\t<\/div>\n\t\t<\/div>\n\t\t\t\t\t\t\t<\/div>\n\t\t<\/section>\n\t\t\t\t\t<\/div>\n\t\t<\/div>\n\t\t\t\t\t\t\t<\/div>\n\t\t<\/section>\n\t\t\t\t<section class=\"elementor-section elementor-top-section elementor-element elementor-element-159a724 elementor-section-boxed elementor-section-height-default elementor-section-height-default\" data-id=\"159a724\" data-element_type=\"section\">\n\t\t\t\t\t\t<div class=\"elementor-container elementor-column-gap-wider\">\n\t\t\t\t\t<div class=\"elementor-column elementor-col-50 elementor-top-column elementor-element elementor-element-d1e6586\" data-id=\"d1e6586\" data-element_type=\"column\">\n\t\t\t<div class=\"elementor-widget-wrap elementor-element-populated\">\n\t\t\t\t\t\t\t\t<div class=\"elementor-element elementor-element-5eca432 elementor-widget elementor-widget-heading\" data-id=\"5eca432\" data-element_type=\"widget\" data-widget_type=\"heading.default\">\n\t\t\t\t<div class=\"elementor-widget-container\">\n\t\t\t<h2 class=\"elementor-heading-title elementor-size-default\">Necesidades del Cyclamen<\/h2>\t\t<\/div>\n\t\t\t\t<\/div>\n\t\t\t\t<div class=\"elementor-element elementor-element-6b6df01 elementor-widget elementor-widget-text-editor\" data-id=\"6b6df01\" data-element_type=\"widget\" data-widget_type=\"text-editor.default\">\n\t\t\t\t<div class=\"elementor-widget-container\">\n\t\t\t\t\t\t\t<p>Los Cyclamenes tienen fama de tener un dif\u00edcil cuidado, no es as\u00ed, es una vivaz que vive mucho tiempo si se tienen en cuenta sus necesidades:<\/p><ul>\n<\/ul>\t\t\t\t\t\t<\/div>\n\t\t\t\t<\/div>\n\t\t\t\t<div class=\"elementor-element elementor-element-bed70a7 elementor-widget elementor-widget-text-editor\" data-id=\"bed70a7\" data-element_type=\"widget\" data-widget_type=\"text-editor.default\">\n\t\t\t\t<div class=\"elementor-widget-container\">\n\t\t\t\t\t\t\t<p><strong>Iluminaci\u00f3n:\u00a0<\/strong>Mucha luz pero sin sol directo.<\/p><p><strong>Temperatura:<\/strong> Temperatura media-baja. Un ambiente fresco y h\u00famedo (no m\u00e1s de 18\u00ba ni menos de -5\u00ba).<\/p><p><strong>Suelo:<\/strong> Profundo y bien drenado.<\/p><p><strong>Riego:\u00a0<\/strong> El riego abundante sin encharcar (no se deben mojar las flores ni las hojas). Poner un plato abajo del tiesto, siempre mantendr\u00e1 el agua sobrante y la humedad, para que el sustrato no se seque.<\/p><p><strong>Abonado:<\/strong> Abonar con sustrato para plantas \u00e1cidas.<\/p><p><strong>Podas:\u00a0<\/strong><span style=\"background-color: transparent; color: var( --e-global-color-text ); font-family: var( --e-global-typography-text-font-family ), Sans-serif; font-weight: var( --e-global-typography-text-font-weight );\">Las hojas y flores marchitas deben eliminarse.<\/span><\/p>\t\t\t\t\t\t<\/div>\n\t\t\t\t<\/div>\n\t\t\t\t<div class=\"elementor-element elementor-element-e17b625 elementor-align-center elementor-widget elementor-widget-button\" data-id=\"e17b625\" data-element_type=\"widget\" data-widget_type=\"button.default\">\n\t\t\t\t<div class=\"elementor-widget-container\">\n\t\t\t\t\t<div class=\"elementor-button-wrapper\">\n\t\t\t<a class=\"elementor-button elementor-button-link elementor-size-md\" href=\"https:\/\/jardineriakuka.com\/busqueda?controller=search&#038;s=cyclamen\">\n\t\t\t\t\t\t<span class=\"elementor-button-content-wrapper\">\n\t\t\t\t\t\t<span class=\"elementor-button-text\">quiero un Cyclamen para mi hogar<\/span>\n\t\t<\/span>\n\t\t\t\t\t<\/a>\n\t\t<\/div>\n\t\t\t\t<\/div>\n\t\t\t\t<\/div>\n\t\t\t\t\t<\/div>\n\t\t<\/div>\n\t\t\t\t<div class=\"elementor-column elementor-col-50 elementor-top-column elementor-element elementor-element-de32d7f\" data-id=\"de32d7f\" data-element_type=\"column\">\n\t\t\t<div class=\"elementor-widget-wrap elementor-element-populated\">\n\t\t\t\t\t\t\t\t<div class=\"elementor-element elementor-element-a5ac3cf elementor-widget elementor-widget-image\" data-id=\"a5ac3cf\" data-element_type=\"widget\" data-widget_type=\"image.default\">\n\t\t\t\t<div class=\"elementor-widget-container\">\n\t\t\t\t\t\t\t\t\t\t\t\t\t\t\t\t<a href=\"https:\/\/jardineriakuka.com\/plantas-de-interior\/3939-166190-poinsettia-multiflora.html#\/2613-aromaticas_horticolas_cactaceas_vivaces-cont_o_14_cm\/2758-colores_flores-rojo\">\n\t\t\t\t\t\t\t<img loading=\"lazy\" decoding=\"async\" width=\"400\" height=\"600\" src=\"https:\/\/jardineriakuka.com\/blog\/wp-content\/uploads\/2021\/08\/Diseno-sin-titulo.png\" class=\"attachment-medium_large size-medium_large wp-image-3547\" alt=\"\" srcset=\"https:\/\/jardineriakuka.com\/blog\/wp-content\/uploads\/2021\/08\/Diseno-sin-titulo.png 400w, https:\/\/jardineriakuka.com\/blog\/wp-content\/uploads\/2021\/08\/Diseno-sin-titulo-200x300.png 200w\" sizes=\"auto, (max-width: 400px) 100vw, 400px\" \/>\t\t\t\t\t\t\t\t<\/a>\n\t\t\t\t\t\t\t\t\t\t\t\t\t\t\t<\/div>\n\t\t\t\t<\/div>\n\t\t\t\t\t<\/div>\n\t\t<\/div>\n\t\t\t\t\t\t\t<\/div>\n\t\t<\/section>\n\t\t\t\t\t\t\t<\/div>\n\t\t","protected":false},"excerpt":{"rendered":"<p>Cyclamen El\u00a0Cyclamen\u00a0es una planta de flor t\u00edpica del invierno. Entre ellas se encuentra el\u00a0Cyclamen Persicum\u00a0(el popular), conocido tambi\u00e9n como violeta persa o violeta de los Alpes. Esta\u00a0vivaz, que suele utilizarse como anual, es una herb\u00e1cea tuberosa originaria del Mediterr\u00e1neo oriental. Sus h\u00edbridos se usan en interiores, aunque tambi\u00e9n se utilizan para jardines. quiero un Cyclamen [&hellip;]<\/p>\n","protected":false},"author":2,"featured_media":0,"comment_status":"closed","ping_status":"closed","sticky":false,"template":"","format":"standard","meta":{"footnotes":""},"categories":[1],"tags":[],"class_list":["post-2715","post","type-post","status-publish","format-standard","hentry","category-jardineria-kuka"],"_links":{"self":[{"href":"https:\/\/jardineriakuka.com\/blog\/wp-json\/wp\/v2\/posts\/2715","targetHints":{"allow":["GET"]}}],"collection":[{"href":"https:\/\/jardineriakuka.com\/blog\/wp-json\/wp\/v2\/posts"}],"about":[{"href":"https:\/\/jardineriakuka.com\/blog\/wp-json\/wp\/v2\/types\/post"}],"author":[{"embeddable":true,"href":"https:\/\/jardineriakuka.com\/blog\/wp-json\/wp\/v2\/users\/2"}],"replies":[{"embeddable":true,"href":"https:\/\/jardineriakuka.com\/blog\/wp-json\/wp\/v2\/comments?post=2715"}],"version-history":[{"count":10,"href":"https:\/\/jardineriakuka.com\/blog\/wp-json\/wp\/v2\/posts\/2715\/revisions"}],"predecessor-version":[{"id":3558,"href":"https:\/\/jardineriakuka.com\/blog\/wp-json\/wp\/v2\/posts\/2715\/revisions\/3558"}],"wp:attachment":[{"href":"https:\/\/jardineriakuka.com\/blog\/wp-json\/wp\/v2\/media?parent=2715"}],"wp:term":[{"taxonomy":"category","embeddable":true,"href":"https:\/\/jardineriakuka.com\/blog\/wp-json\/wp\/v2\/categories?post=2715"},{"taxonomy":"post_tag","embeddable":true,"href":"https:\/\/jardineriakuka.com\/blog\/wp-json\/wp\/v2\/tags?post=2715"}],"curies":[{"name":"wp","href":"https:\/\/api.w.org\/{rel}","templated":true}]}}