{"id":2741,"date":"2021-08-17T11:15:04","date_gmt":"2021-08-17T11:15:04","guid":{"rendered":"https:\/\/jardineriakuka.com\/blog\/abetos-naturales-o-abetos-artificiales-n377\/"},"modified":"2021-11-30T16:41:56","modified_gmt":"2021-11-30T16:41:56","slug":"abetos-naturales-o-abetos-artificiales-n377","status":"publish","type":"post","link":"https:\/\/jardineriakuka.com\/blog\/abetos-naturales-o-abetos-artificiales-n377\/","title":{"rendered":"Encuentra tu arbolito de navidad original"},"content":{"rendered":"\n<p>Llega la Navidad y como cada a\u00f1o quieres que sea perfecta, incluso mejor que el a\u00f1o anterior. La Navidad es una \u00e9poca del a\u00f1o en que se suelen unir las familias, compartir momentos de alegr\u00eda, cumplir los sue\u00f1os de los m\u00e1s peques de la casa&#8230; La Navidad se caracteriza por: las guirnaldas, luces y muchas cosas m\u00e1s como el \u00e1rbol de Navidad.<\/p>\n\n\n\n<p><\/p>\n\n\n\n<p>Si no sabes qu\u00e9 \u00e1rbol es el perfecto para adornar tu hogar \u00e9sta Navidad, aqu\u00ed te dejamos una peque\u00f1a explicaci\u00f3n de las 3 clases de \u00e1rboles que hay: \u00e1rbol natural, \u00e1rbol natural cortado y \u00e1rbol artificial.<\/p>\n\n\n\n<p><\/p>\n\n\n\n<hr class=\"wp-block-separator\"\/>\n\n\n<h1 style=\"text-align: left;\">Abeto artificial<\/h1>\n<p>El abeto artificial contamina&#8230;<\/p>\n<p>Se emiten muchas impurezas para producirlo. S\u00f3lo piensa, si una bolsa de basura tarda much\u00edsimos a\u00f1os en deshacerse, \u00bfcu\u00e1ntos a\u00f1os crees que tarda en desaparecer el abeto artificial?<\/p>\n<p>Lo bueno de los abetos artificiales es que con un buen cuidado, sobre todo al abrirlo y cerrarlo) puedes tenerlo para muchas navidades, por lo que te sale barato.<\/p>\n<p>\u00a0<\/p>\n<p>Los abetos de luz, tambi\u00e9n son econ\u00f3micos ya que solo tienes un gasto y son preciosos.\u00a0<\/p>\n<p>Tienes \u00e1rboles de Navidad con luz solar, bater\u00eda, cable y de resina, dependiendo del modelo, tiene un tono de luz o varios, os dejamos algunos para que los veas.<\/p>\n<p>Aunque sean de materiales reciclados, no deja de ser contaminante.<\/p>\n<p>\u00a0<\/p>\n<h1>Abeto natural cortado<\/h1>\n<p>Este es Betho el Abeto, es un abeto natural cortado (aqu\u00ed puedes ver su historia).<\/p>\n<p>Estos abetos se cr\u00edan en los viveros existentes en las faldas de los pirineos (plantados y cuidados por los viveros). Durante su crecimiento, arropa a los animales, purifica el aire y da trabajo a muchas personas que los cuidan.\u00a0<\/p>\n<p>Recuerda que son criados por viveros especializados en el cultivo de esta planta, dan comida a much\u00edsima gente. Mantienen muchas zonas cultivadas, zonas que de lo contrario estar\u00edan abandonadas. Son plantados y criados durante un per\u00edodo de tiempo, para despu\u00e9s cortarlos y lucirlos en nuestro hogar. Hoy en d\u00eda, no hay abetos que se corten de las monta\u00f1as como mucha gente piensa.<\/p>\n<p>Cuando son ya grandes se cortan y se plantan nuevos, es una cadena, para ayudar a tener las monta\u00f1as limpias, que pueden dar trabajo a personas que lo necesitan y que mejor forma que trabajar con la rueda de la vida.<\/p>\n<p>El abeto natural cortado no contamina, lo tienes todas las fiestas perfecto y le das un toque Navide\u00f1o.<\/p>\n<p>\u00a0<\/p>\n<h1>Abeto natural<\/h1>\n<p>Salgamos en defensa de los \u00e1rboles naturales para decorar la Navidad.<\/p>\n<p>Se plantan para reactivar zonas rurales. A su vez, criar un abeto, genera ox\u00edgeno que limpia la atm\u00f3sfera.<\/p>\n<p>Una vez pasadas las fiestas de Navidad, pueden servir para repoblar jardines p\u00fablicos, zonas necesitadas de pulm\u00f3n verde, o por qu\u00e9 no, para ocupar un hueco en tu jard\u00edn o terraza y decorarlo el pr\u00f3ximo a\u00f1o. Incluso si te has descuidado y no sobrevive, servir\u00e1 recicl\u00e1ndolo de abono para otras plantaciones.<\/p>\n<p>\u00a1Descubre las <a href=\"https:\/\/jardineriakuka.com\/76-coniferas\">variedades de abetos <\/a>naturales que tenemos en Centro de Jardiner\u00eda Kuka! (Tambi\u00e9n de diferentes alturas, desde 40\/60 cm hasta 2 y 3 metros).<\/p>\n<p>\u00a0<\/p>\n<p>En Jardiner\u00eda Kuka apoyamos a los \u00e1rboles naturales, por ello, poseemos la mayor colecci\u00f3n de variedades de piceas y abetos, criados en macetas para poder plantarlos en las terrazas o jardines.<\/p>\n<p>Puedes elegir tu abeto natural enraizado en maceta o cortado.<\/p>\n<p>Queremos cambiar la forma de pensar: comprar abetos naturales, es ayudar a la conservaci\u00f3n de la naturaleza (Nunca a su destrucci\u00f3n).<\/p>\n<p>Aunque estos abetos naturales est\u00e9n cortados, tambi\u00e9n ayudan al mantenimiento de los ecosistemas. En Jardiner\u00eda Kuka promocionamos su consumo desde hace a\u00f1os (te sale gratis), lo pagas ahora, te lo llevas a tu hogar y lo disfrutas. Despu\u00e9s de reyes y durante todo el mes de enero hasta el d\u00eda 31, cambiamos el abeto natural cortado comprado en nuestro vivero, por plantas vivas, para poder seguir cuidando nuestro planeta. Kuka se encargar\u00e1 de su reciclaje.<\/p>\n<p>Otra soluci\u00f3n es, adornar las plantas existentes que tengamos en nuestro hogar.<\/p>\n<p>\u00a1Disfruta estas Navidades con tu familia, decorando tu hogar con un abeto natural!<\/p>\n<p>\u00a0<\/p>","protected":false},"excerpt":{"rendered":"<p>Llega la Navidad y como cada a\u00f1o quieres que sea perfecta, incluso mejor que el a\u00f1o anterior. La Navidad es una \u00e9poca del a\u00f1o en que se suelen unir las familias, compartir momentos de alegr\u00eda, cumplir los sue\u00f1os de los m\u00e1s peques de la casa&#8230; La Navidad se caracteriza por: las guirnaldas, luces y muchas [&hellip;]<\/p>\n","protected":false},"author":2,"featured_media":0,"comment_status":"closed","ping_status":"closed","sticky":false,"template":"","format":"standard","meta":{"footnotes":""},"categories":[7],"tags":[30,31,29,32,33,34,28],"class_list":["post-2741","post","type-post","status-publish","format-standard","hentry","category-decoracin-c7","tag-abeto","tag-abetos-de-navidad","tag-arbol-de-navidad","tag-arboles-de-navidad","tag-decoracion","tag-decoracion-navidena","tag-navidad"],"_links":{"self":[{"href":"https:\/\/jardineriakuka.com\/blog\/wp-json\/wp\/v2\/posts\/2741","targetHints":{"allow":["GET"]}}],"collection":[{"href":"https:\/\/jardineriakuka.com\/blog\/wp-json\/wp\/v2\/posts"}],"about":[{"href":"https:\/\/jardineriakuka.com\/blog\/wp-json\/wp\/v2\/types\/post"}],"author":[{"embeddable":true,"href":"https:\/\/jardineriakuka.com\/blog\/wp-json\/wp\/v2\/users\/2"}],"replies":[{"embeddable":true,"href":"https:\/\/jardineriakuka.com\/blog\/wp-json\/wp\/v2\/comments?post=2741"}],"version-history":[{"count":13,"href":"https:\/\/jardineriakuka.com\/blog\/wp-json\/wp\/v2\/posts\/2741\/revisions"}],"predecessor-version":[{"id":2996,"href":"https:\/\/jardineriakuka.com\/blog\/wp-json\/wp\/v2\/posts\/2741\/revisions\/2996"}],"wp:attachment":[{"href":"https:\/\/jardineriakuka.com\/blog\/wp-json\/wp\/v2\/media?parent=2741"}],"wp:term":[{"taxonomy":"category","embeddable":true,"href":"https:\/\/jardineriakuka.com\/blog\/wp-json\/wp\/v2\/categories?post=2741"},{"taxonomy":"post_tag","embeddable":true,"href":"https:\/\/jardineriakuka.com\/blog\/wp-json\/wp\/v2\/tags?post=2741"}],"curies":[{"name":"wp","href":"https:\/\/api.w.org\/{rel}","templated":true}]}}