{"id":2997,"date":"2021-12-03T11:37:34","date_gmt":"2021-12-03T11:37:34","guid":{"rendered":"https:\/\/jardineriakuka.com\/blog\/?p=2997"},"modified":"2022-11-30T14:27:51","modified_gmt":"2022-11-30T14:27:51","slug":"carta-de-beto-el-abeto","status":"publish","type":"post","link":"https:\/\/jardineriakuka.com\/blog\/carta-de-beto-el-abeto\/","title":{"rendered":"Un abeto natural para Navidad. Beto el Abeto."},"content":{"rendered":"\t\t<div data-elementor-type=\"wp-post\" data-elementor-id=\"2997\" class=\"elementor elementor-2997\" data-elementor-post-type=\"post\">\n\t\t\t\t\t\t\t\t\t<section class=\"elementor-section elementor-top-section elementor-element elementor-element-ac0d7e9 elementor-section-boxed elementor-section-height-default elementor-section-height-default\" data-id=\"ac0d7e9\" data-element_type=\"section\">\n\t\t\t\t\t\t<div class=\"elementor-container elementor-column-gap-wider\">\n\t\t\t\t\t<div class=\"elementor-column elementor-col-50 elementor-top-column elementor-element elementor-element-19011ca\" data-id=\"19011ca\" data-element_type=\"column\">\n\t\t\t<div class=\"elementor-widget-wrap elementor-element-populated\">\n\t\t\t\t\t\t\t\t<div class=\"elementor-element elementor-element-6a2128a elementor-widget elementor-widget-image\" data-id=\"6a2128a\" data-element_type=\"widget\" data-widget_type=\"image.default\">\n\t\t\t\t<div class=\"elementor-widget-container\">\n\t\t\t\t\t\t\t\t\t\t\t\t\t\t\t<img loading=\"lazy\" decoding=\"async\" width=\"800\" height=\"691\" src=\"https:\/\/jardineriakuka.com\/blog\/wp-content\/uploads\/2021\/12\/abeto-kuka-1024x884.gif\" class=\"attachment-large size-large wp-image-3331\" alt=\"\" srcset=\"https:\/\/jardineriakuka.com\/blog\/wp-content\/uploads\/2021\/12\/abeto-kuka-1024x884.gif 1024w, https:\/\/jardineriakuka.com\/blog\/wp-content\/uploads\/2021\/12\/abeto-kuka-300x259.gif 300w, https:\/\/jardineriakuka.com\/blog\/wp-content\/uploads\/2021\/12\/abeto-kuka-768x663.gif 768w, https:\/\/jardineriakuka.com\/blog\/wp-content\/uploads\/2021\/12\/abeto-kuka-1536x1326.gif 1536w, https:\/\/jardineriakuka.com\/blog\/wp-content\/uploads\/2021\/12\/abeto-kuka-2048x1768.gif 2048w\" sizes=\"auto, (max-width: 800px) 100vw, 800px\" \/>\t\t\t\t\t\t\t\t\t\t\t\t\t\t\t<\/div>\n\t\t\t\t<\/div>\n\t\t\t\t<div class=\"elementor-element elementor-element-77f8e0a elementor-align-center elementor-widget elementor-widget-button\" data-id=\"77f8e0a\" data-element_type=\"widget\" data-widget_type=\"button.default\">\n\t\t\t\t<div class=\"elementor-widget-container\">\n\t\t\t\t\t<div class=\"elementor-button-wrapper\">\n\t\t\t<a class=\"elementor-button elementor-button-link elementor-size-md\" href=\"https:\/\/jardineriakuka.com\/coniferas\/11435-105334-abeto-navidad-natural-2471000000006.html#\/8180-coniferas-cortado_alt_125_150_cm\">\n\t\t\t\t\t\t<span class=\"elementor-button-content-wrapper\">\n\t\t\t\t\t\t<span class=\"elementor-button-text\">aqu\u00ed est\u00e1 beto el abeto<\/span>\n\t\t<\/span>\n\t\t\t\t\t<\/a>\n\t\t<\/div>\n\t\t\t\t<\/div>\n\t\t\t\t<\/div>\n\t\t\t\t\t<\/div>\n\t\t<\/div>\n\t\t\t\t<div class=\"elementor-column elementor-col-50 elementor-top-column elementor-element elementor-element-6879976\" data-id=\"6879976\" data-element_type=\"column\">\n\t\t\t<div class=\"elementor-widget-wrap elementor-element-populated\">\n\t\t\t\t\t\t\t\t<div class=\"elementor-element elementor-element-256e39c elementor-widget elementor-widget-text-editor\" data-id=\"256e39c\" data-element_type=\"widget\" data-widget_type=\"text-editor.default\">\n\t\t\t\t<div class=\"elementor-widget-container\">\n\t\t\t\t\t\t\t<p>En Centro de Jardiner\u00eda Kuka amamos la naturaleza y queremos que llegue a tu casa \u00e9sta Navidad.\u00a0<\/p><p><strong>A todos nos gustar\u00eda tener un pedacito de bosque dentro de nuestros hogares,<\/strong> y por fin hemos encontrado la manera de hacerlo, llevando a Beto El Abeto a tu Hogar.<\/p><p>Beto el Abeto es un abeto natural cortado, s\u00ed cortado, pero que se produce de manera exclusiva para los eventos Navide\u00f1os. De esta manera, encontramos la forma de llevar un abeto natural a tu casa y seguir siendo respetuosos y colaborativos con el medio ambiente.<\/p>\t\t\t\t\t\t<\/div>\n\t\t\t\t<\/div>\n\t\t\t\t<div class=\"elementor-element elementor-element-c4ceb50 elementor-widget elementor-widget-text-editor\" data-id=\"c4ceb50\" data-element_type=\"widget\" data-widget_type=\"text-editor.default\">\n\t\t\t\t<div class=\"elementor-widget-container\">\n\t\t\t\t\t\t\t<p>No s\u00f3lo eso, Beto el Abeto trae sorpresas, y es que, <b>con tu compra de Beto El Abeto consigues tambi\u00e9n un CUP\u00d3N DE REGALO, con el que podr\u00e1s canjear el importe de tu abeto al acabar la Navidad.<\/b><\/p><p> \u00bfY qu\u00e9 significa esto? Que <b>el abeto te saldr\u00e1 totalmente gratis<\/b>, ya que podr\u00e1s canjear su valor por plantas y dem\u00e1s productos de nuestra web.<\/p>\t\t\t\t\t\t<\/div>\n\t\t\t\t<\/div>\n\t\t\t\t\t<\/div>\n\t\t<\/div>\n\t\t\t\t\t\t\t<\/div>\n\t\t<\/section>\n\t\t\t\t<section class=\"elementor-section elementor-top-section elementor-element elementor-element-43b84a0 elementor-section-boxed elementor-section-height-default elementor-section-height-default\" data-id=\"43b84a0\" data-element_type=\"section\" data-settings=\"{&quot;background_background&quot;:&quot;slideshow&quot;,&quot;background_slideshow_gallery&quot;:[],&quot;background_slideshow_loop&quot;:&quot;yes&quot;,&quot;background_slideshow_slide_duration&quot;:5000,&quot;background_slideshow_slide_transition&quot;:&quot;fade&quot;,&quot;background_slideshow_transition_duration&quot;:500}\">\n\t\t\t\t\t\t\t<div class=\"elementor-background-overlay\"><\/div>\n\t\t\t\t\t\t\t<div class=\"elementor-container elementor-column-gap-wider\">\n\t\t\t\t\t<div class=\"elementor-column elementor-col-50 elementor-top-column elementor-element elementor-element-cacf5b2\" data-id=\"cacf5b2\" data-element_type=\"column\" data-settings=\"{&quot;background_background&quot;:&quot;classic&quot;}\">\n\t\t\t<div class=\"elementor-widget-wrap elementor-element-populated\">\n\t\t\t\t\t\t\t\t<div class=\"elementor-element elementor-element-4d4044c elementor-widget elementor-widget-heading\" data-id=\"4d4044c\" data-element_type=\"widget\" data-widget_type=\"heading.default\">\n\t\t\t\t<div class=\"elementor-widget-container\">\n\t\t\t<h2 class=\"elementor-heading-title elementor-size-default\">5 RAZONES PARA comprar un Abeto Natural para tu hogar<\/h2>\t\t<\/div>\n\t\t\t\t<\/div>\n\t\t\t\t<div class=\"elementor-element elementor-element-e5a8619 elementor-align-left elementor-icon-list--layout-traditional elementor-list-item-link-full_width elementor-widget elementor-widget-icon-list\" data-id=\"e5a8619\" data-element_type=\"widget\" data-widget_type=\"icon-list.default\">\n\t\t\t\t<div class=\"elementor-widget-container\">\n\t\t\t\t\t<ul class=\"elementor-icon-list-items\">\n\t\t\t\t\t\t\t<li class=\"elementor-icon-list-item\">\n\t\t\t\t\t\t\t\t\t\t\t<span class=\"elementor-icon-list-icon\">\n\t\t\t\t\t\t\t<i aria-hidden=\"true\" class=\"far fa-star\"><\/i>\t\t\t\t\t\t<\/span>\n\t\t\t\t\t\t\t\t\t\t<span class=\"elementor-icon-list-text\">El abeto es 100% ecol\u00f3gico, biodegradable y respetuoso con el medio ambiente.<\/span>\n\t\t\t\t\t\t\t\t\t<\/li>\n\t\t\t\t\t\t\t\t<li class=\"elementor-icon-list-item\">\n\t\t\t\t\t\t\t\t\t\t\t<span class=\"elementor-icon-list-icon\">\n\t\t\t\t\t\t\t<i aria-hidden=\"true\" class=\"far fa-star\"><\/i>\t\t\t\t\t\t<\/span>\n\t\t\t\t\t\t\t\t\t\t<span class=\"elementor-icon-list-text\">Apoyamos a los agricultores que cultivan los abetos para la venta en navidades. <\/span>\n\t\t\t\t\t\t\t\t\t<\/li>\n\t\t\t\t\t\t\t\t<li class=\"elementor-icon-list-item\">\n\t\t\t\t\t\t\t\t\t\t\t<span class=\"elementor-icon-list-icon\">\n\t\t\t\t\t\t\t<i aria-hidden=\"true\" class=\"far fa-star\"><\/i>\t\t\t\t\t\t<\/span>\n\t\t\t\t\t\t\t\t\t\t<span class=\"elementor-icon-list-text\"> Por cada \u00e1rbol que se comercializa, se plantan 5 ejemplares para su sostenimiento.<\/span>\n\t\t\t\t\t\t\t\t\t<\/li>\n\t\t\t\t\t\t\t\t<li class=\"elementor-icon-list-item\">\n\t\t\t\t\t\t\t\t\t\t\t<span class=\"elementor-icon-list-icon\">\n\t\t\t\t\t\t\t<i aria-hidden=\"true\" class=\"far fa-star\"><\/i>\t\t\t\t\t\t<\/span>\n\t\t\t\t\t\t\t\t\t\t<span class=\"elementor-icon-list-text\">Son producidos en Espa\u00f1a.<\/span>\n\t\t\t\t\t\t\t\t\t<\/li>\n\t\t\t\t\t\t\t\t<li class=\"elementor-icon-list-item\">\n\t\t\t\t\t\t\t\t\t\t\t<span class=\"elementor-icon-list-icon\">\n\t\t\t\t\t\t\t<i aria-hidden=\"true\" class=\"far fa-star\"><\/i>\t\t\t\t\t\t<\/span>\n\t\t\t\t\t\t\t\t\t\t<span class=\"elementor-icon-list-text\">Los abetos artificiales crean un ambiente falso y contaminan en su producci\u00f3n. Son residuos t\u00f3xicos que tardan d\u00e9cadas en desaparecer.<\/span>\n\t\t\t\t\t\t\t\t\t<\/li>\n\t\t\t\t\t\t<\/ul>\n\t\t\t\t<\/div>\n\t\t\t\t<\/div>\n\t\t\t\t\t<\/div>\n\t\t<\/div>\n\t\t\t\t<div class=\"elementor-column elementor-col-50 elementor-top-column elementor-element elementor-element-ac04e10\" data-id=\"ac04e10\" data-element_type=\"column\">\n\t\t\t<div class=\"elementor-widget-wrap\">\n\t\t\t\t\t\t\t\t\t<\/div>\n\t\t<\/div>\n\t\t\t\t\t\t\t<\/div>\n\t\t<\/section>\n\t\t\t\t<section class=\"elementor-section elementor-top-section elementor-element elementor-element-55b158f elementor-section-boxed elementor-section-height-default elementor-section-height-default\" data-id=\"55b158f\" data-element_type=\"section\">\n\t\t\t\t\t\t<div class=\"elementor-container elementor-column-gap-wider\">\n\t\t\t\t\t<div class=\"elementor-column elementor-col-100 elementor-top-column elementor-element elementor-element-41b157d\" data-id=\"41b157d\" data-element_type=\"column\">\n\t\t\t<div class=\"elementor-widget-wrap elementor-element-populated\">\n\t\t\t\t\t\t\t\t<div class=\"elementor-element elementor-element-20fe6c6 elementor-widget elementor-widget-heading\" data-id=\"20fe6c6\" data-element_type=\"widget\" data-widget_type=\"heading.default\">\n\t\t\t\t<div class=\"elementor-widget-container\">\n\t\t\t<h2 class=\"elementor-heading-title elementor-size-default\">C\u00f3mo conseguir mi abeto natural para esta Navidad<\/h2>\t\t<\/div>\n\t\t\t\t<\/div>\n\t\t\t\t<section class=\"elementor-section elementor-inner-section elementor-element elementor-element-f2ca2da elementor-section-boxed elementor-section-height-default elementor-section-height-default\" data-id=\"f2ca2da\" data-element_type=\"section\">\n\t\t\t\t\t\t<div class=\"elementor-container elementor-column-gap-extended\">\n\t\t\t\t\t<div class=\"elementor-column elementor-col-33 elementor-inner-column elementor-element elementor-element-f4b501e\" data-id=\"f4b501e\" data-element_type=\"column\">\n\t\t\t<div class=\"elementor-widget-wrap elementor-element-populated\">\n\t\t\t\t\t\t\t\t<div class=\"elementor-element elementor-element-42a68ef elementor-view-default elementor-position-top elementor-mobile-position-top elementor-widget elementor-widget-icon-box\" data-id=\"42a68ef\" data-element_type=\"widget\" data-widget_type=\"icon-box.default\">\n\t\t\t\t<div class=\"elementor-widget-container\">\n\t\t\t\t\t<div class=\"elementor-icon-box-wrapper\">\n\t\t\t\t\t\t<div class=\"elementor-icon-box-icon\">\n\t\t\t\t<span class=\"elementor-icon elementor-animation-\" >\n\t\t\t\t<i aria-hidden=\"true\" class=\"fas fa-tree\"><\/i>\t\t\t\t<\/span>\n\t\t\t<\/div>\n\t\t\t\t\t\t<div class=\"elementor-icon-box-content\">\n\t\t\t\t<h3 class=\"elementor-icon-box-title\">\n\t\t\t\t\t<span  >\n\t\t\t\t\t\tCompra tu Abeto\t\t\t\t\t<\/span>\n\t\t\t\t<\/h3>\n\t\t\t\t\t\t\t\t\t<p class=\"elementor-icon-box-description\">\n\t\t\t\t\t\tPuedes hacer la compra online o en nuestro Garden.<br>\nRecibir\u00e1s tu abeto natural cortado en unos d\u00edas para que puedas decorarlo en familia y discfrutar de su compa\u00f1\u00eda los d\u00edas de Navidad.\t\t\t\t\t<\/p>\n\t\t\t\t\t\t\t<\/div>\n\t\t<\/div>\n\t\t\t\t<\/div>\n\t\t\t\t<\/div>\n\t\t\t\t\t<\/div>\n\t\t<\/div>\n\t\t\t\t<div class=\"elementor-column elementor-col-33 elementor-inner-column elementor-element elementor-element-db356db\" data-id=\"db356db\" data-element_type=\"column\">\n\t\t\t<div class=\"elementor-widget-wrap elementor-element-populated\">\n\t\t\t\t\t\t\t\t<div class=\"elementor-element elementor-element-652d906 elementor-view-default elementor-position-top elementor-mobile-position-top elementor-widget elementor-widget-icon-box\" data-id=\"652d906\" data-element_type=\"widget\" data-widget_type=\"icon-box.default\">\n\t\t\t\t<div class=\"elementor-widget-container\">\n\t\t\t\t\t<div class=\"elementor-icon-box-wrapper\">\n\t\t\t\t\t\t<div class=\"elementor-icon-box-icon\">\n\t\t\t\t<span class=\"elementor-icon elementor-animation-\" >\n\t\t\t\t<i aria-hidden=\"true\" class=\"fas fa-gift\"><\/i>\t\t\t\t<\/span>\n\t\t\t<\/div>\n\t\t\t\t\t\t<div class=\"elementor-icon-box-content\">\n\t\t\t\t<h3 class=\"elementor-icon-box-title\">\n\t\t\t\t\t<span  >\n\t\t\t\t\t\tRecibe tu cup\u00f3n de regalo\t\t\t\t\t<\/span>\n\t\t\t\t<\/h3>\n\t\t\t\t\t\t\t\t\t<p class=\"elementor-icon-box-description\">\n\t\t\t\t\t\tTe enviaremos un cup\u00f3n de regalo por el importe del abeto comprado.<br>Al terminar la Navidad t\u00fa eliges en qu\u00e9 productos canjear tu cup\u00f3n.\t\t\t\t\t<\/p>\n\t\t\t\t\t\t\t<\/div>\n\t\t<\/div>\n\t\t\t\t<\/div>\n\t\t\t\t<\/div>\n\t\t\t\t\t<\/div>\n\t\t<\/div>\n\t\t\t\t<div class=\"elementor-column elementor-col-33 elementor-inner-column elementor-element elementor-element-cf811b1\" data-id=\"cf811b1\" data-element_type=\"column\">\n\t\t\t<div class=\"elementor-widget-wrap elementor-element-populated\">\n\t\t\t\t\t\t\t\t<div class=\"elementor-element elementor-element-284b884 elementor-view-default elementor-position-top elementor-mobile-position-top elementor-widget elementor-widget-icon-box\" data-id=\"284b884\" data-element_type=\"widget\" data-widget_type=\"icon-box.default\">\n\t\t\t\t<div class=\"elementor-widget-container\">\n\t\t\t\t\t<div class=\"elementor-icon-box-wrapper\">\n\t\t\t\t\t\t<div class=\"elementor-icon-box-icon\">\n\t\t\t\t<span class=\"elementor-icon elementor-animation-\" >\n\t\t\t\t<i aria-hidden=\"true\" class=\"fas fa-seedling\"><\/i>\t\t\t\t<\/span>\n\t\t\t<\/div>\n\t\t\t\t\t\t<div class=\"elementor-icon-box-content\">\n\t\t\t\t<h3 class=\"elementor-icon-box-title\">\n\t\t\t\t\t<span  >\n\t\t\t\t\t\tCambia tu cup\u00f3n por plantas\t\t\t\t\t<\/span>\n\t\t\t\t<\/h3>\n\t\t\t\t\t\t\t\t\t<p class=\"elementor-icon-box-description\">\n\t\t\t\t\t\tDel 7 al 31 de enero podr\u00e1s canjear tu cup\u00f3n en nuestra tienda online o en el Garden.<br>Cambia el importe de tu cup\u00f3n por el mismo importe en nuevas plantas para tu hogar o cualquier producto de nuestra tienda.\t\t\t\t\t<\/p>\n\t\t\t\t\t\t\t<\/div>\n\t\t<\/div>\n\t\t\t\t<\/div>\n\t\t\t\t<\/div>\n\t\t\t\t\t<\/div>\n\t\t<\/div>\n\t\t\t\t\t\t\t<\/div>\n\t\t<\/section>\n\t\t\t\t<div class=\"elementor-element elementor-element-f164d93 elementor-align-center elementor-widget elementor-widget-button\" data-id=\"f164d93\" data-element_type=\"widget\" data-widget_type=\"button.default\">\n\t\t\t\t<div class=\"elementor-widget-container\">\n\t\t\t\t\t<div class=\"elementor-button-wrapper\">\n\t\t\t<a class=\"elementor-button elementor-button-link elementor-size-md\" href=\"https:\/\/jardineriakuka.com\/coniferas\/11435-105334-abeto-navidad-natural-2471000000006.html#\/8180-coniferas-cortado_alt_125_150_cm\">\n\t\t\t\t\t\t<span class=\"elementor-button-content-wrapper\">\n\t\t\t\t\t\t<span class=\"elementor-button-text\">QUIERO UN ABETO PARA MI HOGAR<\/span>\n\t\t<\/span>\n\t\t\t\t\t<\/a>\n\t\t<\/div>\n\t\t\t\t<\/div>\n\t\t\t\t<\/div>\n\t\t\t\t\t<\/div>\n\t\t<\/div>\n\t\t\t\t\t\t\t<\/div>\n\t\t<\/section>\n\t\t\t\t<section class=\"elementor-section elementor-top-section elementor-element elementor-element-0e55ec4 elementor-section-boxed elementor-section-height-default elementor-section-height-default\" data-id=\"0e55ec4\" data-element_type=\"section\">\n\t\t\t\t\t\t<div class=\"elementor-container elementor-column-gap-default\">\n\t\t\t\t\t<div class=\"elementor-column elementor-col-50 elementor-top-column elementor-element elementor-element-ab9c03c\" data-id=\"ab9c03c\" data-element_type=\"column\" data-settings=\"{&quot;background_background&quot;:&quot;slideshow&quot;,&quot;background_slideshow_gallery&quot;:[],&quot;background_slideshow_loop&quot;:&quot;yes&quot;,&quot;background_slideshow_slide_duration&quot;:5000,&quot;background_slideshow_slide_transition&quot;:&quot;fade&quot;,&quot;background_slideshow_transition_duration&quot;:500}\">\n\t\t\t<div class=\"elementor-widget-wrap elementor-element-populated\">\n\t\t\t\t\t\t\t\t<div class=\"elementor-element elementor-element-631504a elementor-widget elementor-widget-image\" data-id=\"631504a\" data-element_type=\"widget\" data-widget_type=\"image.default\">\n\t\t\t\t<div class=\"elementor-widget-container\">\n\t\t\t\t\t\t\t\t\t\t\t\t\t\t\t<img loading=\"lazy\" decoding=\"async\" width=\"500\" height=\"500\" src=\"https:\/\/jardineriakuka.com\/blog\/wp-content\/uploads\/2021\/12\/beto-el-abeto.jpg\" class=\"attachment-large size-large wp-image-3017\" alt=\"\" srcset=\"https:\/\/jardineriakuka.com\/blog\/wp-content\/uploads\/2021\/12\/beto-el-abeto.jpg 500w, https:\/\/jardineriakuka.com\/blog\/wp-content\/uploads\/2021\/12\/beto-el-abeto-300x300.jpg 300w, https:\/\/jardineriakuka.com\/blog\/wp-content\/uploads\/2021\/12\/beto-el-abeto-150x150.jpg 150w\" sizes=\"auto, (max-width: 500px) 100vw, 500px\" \/>\t\t\t\t\t\t\t\t\t\t\t\t\t\t\t<\/div>\n\t\t\t\t<\/div>\n\t\t\t\t\t<\/div>\n\t\t<\/div>\n\t\t\t\t<div class=\"elementor-column elementor-col-50 elementor-top-column elementor-element elementor-element-6bdd98f\" data-id=\"6bdd98f\" data-element_type=\"column\" data-settings=\"{&quot;background_background&quot;:&quot;classic&quot;}\">\n\t\t\t<div class=\"elementor-widget-wrap elementor-element-populated\">\n\t\t\t\t\t\t\t\t<div class=\"elementor-element elementor-element-782b414 elementor-widget elementor-widget-text-editor\" data-id=\"782b414\" data-element_type=\"widget\" data-widget_type=\"text-editor.default\">\n\t\t\t\t<div class=\"elementor-widget-container\">\n\t\t\t\t\t\t\t<p>Hola Kukamigo, soy Beto el Abeto,<\/p><p>Me gustar\u00eda pasar estas navidades contigo. Iluminarte en estos d\u00edas tan bonitos que se acercan.\u00a0\u00a0<span style=\"color: var( --e-global-color-text );\">Que me pongas bien guapo, me decores con las mejores luces y los adornos m\u00e1s bonitos. Que pasemos en familia unas navidades especiales, y esperar para d<\/span><span style=\"color: var( --e-global-color-text );\">arte los regalos de Pap\u00e1 Noel y de los Reyes Magos..\u00a0<\/span><\/p><p>Quiero contarte mi historia.\u00a0<\/p><p>Nac\u00ed en los semilleros de un vivero, y pas\u00e9 mi juventud en las faldas de las monta\u00f1as de los Pirineos, las monta\u00f1as de Sant Hilari Salcam. Un lugar precioso donde Quim y sus compa\u00f1eros me han cuidado y me han dado mimo todo este tiempo.\u00a0<\/p><p>Mi funci\u00f3n durante este tiempo ha sido mantener las faldas de estas monta\u00f1as pobladas y limpieas, evitando los incendios y ayudo a limpiar el aire que respiramos. .\u00a0<span style=\"color: var( --e-global-color-text );\">Estoy orgulloso de haber ayudado a que no se produzca el abandono de las zonas agr\u00edcolas, colaborando en la conservaci\u00f3n de la naturaleza en esta zona desfavorecida, evitando el abandono de las zonas rurales.<\/span><\/p><p>En los viveros donde nos cr\u00edan y cuidan, ayudamos a mucha gente para que tengan trabajo, plant\u00e1ndonos, reg\u00e1ndonos\u2026 para cuando crezcamos y seamos mayores poder estar en vuestros hogares.\u00a0<\/p><p>Ha llegado el momento de irme a celebrar las Navidades contigo, con vuestra familia. Compartir momentos en vuestro hogar calentito, y as\u00ed dejar espacio a mis hermanos peque\u00f1os (los abetos del las pr\u00f3ximas Navidades) para que puedan crecer.<\/p><p>Te espero para que pasemos juntos las mejores Navidades, compartamos momentos especiales y nos llenemos de recuerdos, amor y felicidad.<\/p><p>Un abrazo,<\/p><p>Beto, el Abeto.<\/p>\t\t\t\t\t\t<\/div>\n\t\t\t\t<\/div>\n\t\t\t\t\t<\/div>\n\t\t<\/div>\n\t\t\t\t\t\t\t<\/div>\n\t\t<\/section>\n\t\t\t\t<section class=\"elementor-section elementor-top-section elementor-element elementor-element-68e0380 elementor-section-boxed elementor-section-height-default elementor-section-height-default\" data-id=\"68e0380\" data-element_type=\"section\">\n\t\t\t\t\t\t<div class=\"elementor-container elementor-column-gap-wider\">\n\t\t\t\t\t<div class=\"elementor-column elementor-col-100 elementor-top-column elementor-element elementor-element-b191065\" data-id=\"b191065\" data-element_type=\"column\">\n\t\t\t<div class=\"elementor-widget-wrap elementor-element-populated\">\n\t\t\t\t\t\t\t\t<div class=\"elementor-element elementor-element-b19a6cd elementor-widget elementor-widget-heading\" data-id=\"b19a6cd\" data-element_type=\"widget\" data-widget_type=\"heading.default\">\n\t\t\t\t<div class=\"elementor-widget-container\">\n\t\t\t<h2 class=\"elementor-heading-title elementor-size-default\">C\u00f3mo conseguir mi abeto natural para esta Navidad<\/h2>\t\t<\/div>\n\t\t\t\t<\/div>\n\t\t\t\t<section class=\"elementor-section elementor-inner-section elementor-element elementor-element-90e0fa1 elementor-section-content-middle elementor-section-boxed elementor-section-height-default elementor-section-height-default\" data-id=\"90e0fa1\" data-element_type=\"section\">\n\t\t\t\t\t\t<div class=\"elementor-container elementor-column-gap-default\">\n\t\t\t\t\t<div class=\"elementor-column elementor-col-50 elementor-inner-column elementor-element elementor-element-6b3dc91\" data-id=\"6b3dc91\" data-element_type=\"column\">\n\t\t\t<div class=\"elementor-widget-wrap elementor-element-populated\">\n\t\t\t\t\t\t\t\t<div class=\"elementor-element elementor-element-c461dd2 elementor-widget elementor-widget-text-editor\" data-id=\"c461dd2\" data-element_type=\"widget\" data-widget_type=\"text-editor.default\">\n\t\t\t\t<div class=\"elementor-widget-container\">\n\t\t\t\t\t\t\t<p>Desde&nbsp;Jardiner\u00eda Kuka<strong>&nbsp;apoyamos a los cultivadores de&nbsp;abetos naturales CANAC&nbsp;y agradecemos su trabajo,<\/strong> gracias al cual, todos nosotros podemos disfrutar de una Navidad llena de emociones con nuestro abeto natural cortado. Apoyamos totalmente la protecci\u00f3n de la naturaleza, por eso nunca compramos abetos que vengan de un bosque.<\/p>\t\t\t\t\t\t<\/div>\n\t\t\t\t<\/div>\n\t\t\t\t\t<\/div>\n\t\t<\/div>\n\t\t\t\t<div class=\"elementor-column elementor-col-50 elementor-inner-column elementor-element elementor-element-ccfb7b3\" data-id=\"ccfb7b3\" data-element_type=\"column\">\n\t\t\t<div class=\"elementor-widget-wrap elementor-element-populated\">\n\t\t\t\t\t\t\t\t<div class=\"elementor-element elementor-element-84f4782 elementor-widget elementor-widget-text-editor\" data-id=\"84f4782\" data-element_type=\"widget\" data-widget_type=\"text-editor.default\">\n\t\t\t\t<div class=\"elementor-widget-container\">\n\t\t\t\t\t\t\t<p><strong>CANAC ofrece la garant\u00eda que est\u00e1 cultivados mediante procesos agr\u00edcolas respetuosos con el medio ambiente.<\/strong> Se trata de plantas ornamentales que una vez terminada su funci\u00f3n pueden ser recicladas o reutilizadas.\u00a0<\/p><p>Son 100% ecol\u00f3gicos.\u00a0M\u00e1s informaci\u00f3n en: www.canac.cat<\/p>\t\t\t\t\t\t<\/div>\n\t\t\t\t<\/div>\n\t\t\t\t\t<\/div>\n\t\t<\/div>\n\t\t\t\t\t\t\t<\/div>\n\t\t<\/section>\n\t\t\t\t<div class=\"elementor-element elementor-element-6b1efb0 elementor-align-center elementor-widget elementor-widget-button\" data-id=\"6b1efb0\" data-element_type=\"widget\" data-widget_type=\"button.default\">\n\t\t\t\t<div class=\"elementor-widget-container\">\n\t\t\t\t\t<div class=\"elementor-button-wrapper\">\n\t\t\t<a class=\"elementor-button elementor-button-link elementor-size-md\" href=\"https:\/\/jardineriakuka.com\/coniferas\/11435-105334-abeto-navidad-natural-2471000000006.html#\/8180-coniferas-cortado_alt_125_150_cm\">\n\t\t\t\t\t\t<span class=\"elementor-button-content-wrapper\">\n\t\t\t\t\t\t<span class=\"elementor-button-text\">QUIERO UN ABETO PARA MI HOGAR<\/span>\n\t\t<\/span>\n\t\t\t\t\t<\/a>\n\t\t<\/div>\n\t\t\t\t<\/div>\n\t\t\t\t<\/div>\n\t\t\t\t\t<\/div>\n\t\t<\/div>\n\t\t\t\t\t\t\t<\/div>\n\t\t<\/section>\n\t\t\t\t\t\t\t<\/div>\n\t\t","protected":false},"excerpt":{"rendered":"<p>aqu\u00ed est\u00e1 beto el abeto En Centro de Jardiner\u00eda Kuka amamos la naturaleza y queremos que llegue a tu casa \u00e9sta Navidad.\u00a0 A todos nos gustar\u00eda tener un pedacito de bosque dentro de nuestros hogares, y por fin hemos encontrado la manera de hacerlo, llevando a Beto El Abeto a tu Hogar. Beto el Abeto [&hellip;]<\/p>\n","protected":false},"author":2,"featured_media":3020,"comment_status":"open","ping_status":"open","sticky":false,"template":"","format":"standard","meta":{"footnotes":""},"categories":[7,35],"tags":[39,31,32,37,36],"class_list":["post-2997","post","type-post","status-publish","format-standard","has-post-thumbnail","hentry","category-decoracin-c7","category-abetos","tag-abeto-natural","tag-abetos-de-navidad","tag-arboles-de-navidad","tag-arbolitos-de-navidad-originales","tag-arbolitos-originales"],"_links":{"self":[{"href":"https:\/\/jardineriakuka.com\/blog\/wp-json\/wp\/v2\/posts\/2997","targetHints":{"allow":["GET"]}}],"collection":[{"href":"https:\/\/jardineriakuka.com\/blog\/wp-json\/wp\/v2\/posts"}],"about":[{"href":"https:\/\/jardineriakuka.com\/blog\/wp-json\/wp\/v2\/types\/post"}],"author":[{"embeddable":true,"href":"https:\/\/jardineriakuka.com\/blog\/wp-json\/wp\/v2\/users\/2"}],"replies":[{"embeddable":true,"href":"https:\/\/jardineriakuka.com\/blog\/wp-json\/wp\/v2\/comments?post=2997"}],"version-history":[{"count":76,"href":"https:\/\/jardineriakuka.com\/blog\/wp-json\/wp\/v2\/posts\/2997\/revisions"}],"predecessor-version":[{"id":3374,"href":"https:\/\/jardineriakuka.com\/blog\/wp-json\/wp\/v2\/posts\/2997\/revisions\/3374"}],"wp:featuredmedia":[{"embeddable":true,"href":"https:\/\/jardineriakuka.com\/blog\/wp-json\/wp\/v2\/media\/3020"}],"wp:attachment":[{"href":"https:\/\/jardineriakuka.com\/blog\/wp-json\/wp\/v2\/media?parent=2997"}],"wp:term":[{"taxonomy":"category","embeddable":true,"href":"https:\/\/jardineriakuka.com\/blog\/wp-json\/wp\/v2\/categories?post=2997"},{"taxonomy":"post_tag","embeddable":true,"href":"https:\/\/jardineriakuka.com\/blog\/wp-json\/wp\/v2\/tags?post=2997"}],"curies":[{"name":"wp","href":"https:\/\/api.w.org\/{rel}","templated":true}]}}