{"id":3102,"date":"2022-03-04T15:25:15","date_gmt":"2022-03-04T15:25:15","guid":{"rendered":"https:\/\/jardineriakuka.com\/blog\/?p=3102"},"modified":"2022-03-04T15:25:16","modified_gmt":"2022-03-04T15:25:16","slug":"informacion-plagas-mas-comunes-de-los-rosales","status":"publish","type":"post","link":"https:\/\/jardineriakuka.com\/blog\/informacion-plagas-mas-comunes-de-los-rosales\/","title":{"rendered":"Informaci\u00f3n plagas m\u00e1s comunes de los rosales"},"content":{"rendered":"\n<p>Los rosales, en primavera y verano que es cuando est\u00e1n en plena floraci\u00f3n son impresionantes, llamativos, perfumados&#8230; y con m\u00ednimos cuidados, controlamos sus plagas y enfermedades.<\/p>\n\n\n\n<p><strong>LAS PLAGAS M\u00c1S COMUNES DE LOS ROSALES S\u00d3N:<\/strong><\/p>\n\n\n\n<ul class=\"wp-block-list\"><li><strong>LA ARA\u00d1A ROJA:<\/strong> se desarrolla en ambientes secos, cuando la humedad relativa del aire es baja y las temperaturas elevadas.<br>Se manifiesta en unas manchas amarillas en el haz de las hojas (parte superior), y finalmente las hojas caen. Muchas veces se detectan simult\u00e1neamente las larvas anaranjadas y las adultas rojas, para ello necesitaremos una lupa para observar en el env\u00e9s (parte inferior) de las hojas afectadas.<\/li><\/ul>\n\n\n\n<p>Hay que tratarlos con un <a href=\"https:\/\/jardineriakuka.com\/fitosanitarios\/195-511-acaricida-insecticida.html#\/3087-envases-40_ml\">acaricida<\/a>,&nbsp;<a href=\"https:\/\/jardineriakuka.com\/linea-biologica\/6812-77954-azufre.html#\/6197-envases-caja_6x15_gr\">azufre<\/a> o&nbsp;<a href=\"https:\/\/jardineriakuka.com\/fitosanitarios\/6804-137926-anti-minador-c%C3%ADtricos.html#\/3088-envases-50_ml\">anti-minador<\/a> y a los 15 d\u00edas lo vuelves a tratar.<\/p>\n\n\n\n<figure class=\"wp-block-image size-full is-resized is-style-rounded\"><img loading=\"lazy\" decoding=\"async\" src=\"https:\/\/jardineriakuka.com\/blog\/wp-content\/uploads\/2022\/02\/image.jpeg\" alt=\"\" class=\"wp-image-3103\" width=\"418\" height=\"442\" srcset=\"https:\/\/jardineriakuka.com\/blog\/wp-content\/uploads\/2022\/02\/image.jpeg 662w, https:\/\/jardineriakuka.com\/blog\/wp-content\/uploads\/2022\/02\/image-284x300.jpeg 284w\" sizes=\"auto, (max-width: 418px) 100vw, 418px\" \/><\/figure>\n\n\n\n<ul class=\"wp-block-list\"><li><strong>EL PULG\u00d3N:<\/strong> Se desarrollan tambi\u00e9n en ambientes secos, y no excesivamente calurosos. Aparecen muy pronto en primavera, desde abril, y afecta principalmente a los brotes j\u00f3venes, en los cuales hace que las hojas se arruguen y m\u00e1s tarde sobre los capullos de las flores, a los que puede hacer abortar. Es importante tratar esta plaga desde la primera aparici\u00f3n de estos insectos ya que se reproducen con una incre\u00edble rapidez. Los s\u00edntomas son manchas descoloridas y deformaciones en los tejidos afectados, adem\u00e1s segregan una sustancia azucarada, donde se desarrolla el hongo \u00abnegrilla\u00bb que atrae a las hormigas.<\/li><\/ul>\n\n\n\n<p>Hay que tratarlos con <a href=\"https:\/\/jardineriakuka.com\/fitosanitarios\/7269-35855-insecticida-polivalente.html#\/5848-envases-15_ml\">insecticida polivalente<\/a> o <a href=\"https:\/\/jardineriakuka.com\/fitosanitarios\/7282-77981-anti-pulgones-insecticida.html#\/5848-envases-15_ml\">anti-pulg\u00f3n<\/a>&nbsp;y a los 15 d\u00edas volverlos a tratar.<\/p>\n\n\n\n<figure class=\"wp-block-image size-full is-resized\"><img loading=\"lazy\" decoding=\"async\" src=\"https:\/\/jardineriakuka.com\/blog\/wp-content\/uploads\/2022\/02\/pulgon.png\" alt=\"\" class=\"wp-image-3104\" width=\"265\" height=\"279\"\/><\/figure>\n\n\n\n<figure class=\"wp-block-image size-full is-resized is-style-rounded\"><img loading=\"lazy\" decoding=\"async\" src=\"https:\/\/jardineriakuka.com\/blog\/wp-content\/uploads\/2022\/02\/pulgon2-1.png\" alt=\"\" class=\"wp-image-3107\" width=\"417\" height=\"322\" srcset=\"https:\/\/jardineriakuka.com\/blog\/wp-content\/uploads\/2022\/02\/pulgon2-1.png 385w, https:\/\/jardineriakuka.com\/blog\/wp-content\/uploads\/2022\/02\/pulgon2-1-300x231.png 300w\" sizes=\"auto, (max-width: 417px) 100vw, 417px\" \/><\/figure>\n\n\n\n<ul class=\"wp-block-list\"><li><strong>LOS TRIPS:<\/strong> se trata de una plaga que se introduce especialmente en los botones florales cerrados, desarroll\u00e1ndose entre los p\u00e9talos y en los \u00e1pices de los tallos. Se pueden observar con algo m\u00e1s de facilidad que las anteriores plagas mencionadas ya que estos insectos son algo m\u00e1s grandes y alargados<\/li><\/ul>\n\n\n\n<p>Hay que tratarlos con <a href=\"https:\/\/jardineriakuka.com\/fitosanitarios\/7269-35855-insecticida-polivalente.html#\/5848-envases-15_ml\">insecticida polivalente<\/a> o <a href=\"https:\/\/jardineriakuka.com\/fitosanitarios\/6804-137926-anti-minador-citricos.html#\/3088-envases-50_ml\">anti-minador<\/a> y a los 15 d\u00edas los vuelves a tratar.<\/p>\n\n\n\n<figure class=\"wp-block-image size-large is-resized\"><img loading=\"lazy\" decoding=\"async\" src=\"https:\/\/jardineriakuka.com\/blog\/wp-content\/uploads\/2022\/03\/Trips-en-soja-sequia-Foto-Alltec-BIO-edited-4.png\" alt=\"\" class=\"wp-image-3141\" width=\"310\" height=\"506\"\/><\/figure>\n\n\n\n<p><\/p>\n\n\n\n<p>Si adem\u00e1s de las plagas m\u00e1s comunes de los rosales te interesa descubrir cuales son las enfermedades ante las cuales los rosales son m\u00e1s vulnerables, puedes visitar nuestro art\u00edculo sobre <a href=\"https:\/\/jardineriakuka.com\/blog\/wp-admin\/post.php?post=2446&amp;action=edit\" target=\"_blank\" data-type=\"URL\" data-id=\"https:\/\/jardineriakuka.com\/blog\/wp-admin\/post.php?post=2446&amp;action=edit\" rel=\"noreferrer noopener\">Las enfermedades de los rosales.<\/a><\/p>\n","protected":false},"excerpt":{"rendered":"<p>Los rosales, en primavera y verano que es cuando est\u00e1n en plena floraci\u00f3n son impresionantes, llamativos, perfumados&#8230; y con m\u00ednimos cuidados, controlamos sus plagas y enfermedades. LAS PLAGAS M\u00c1S COMUNES DE LOS ROSALES S\u00d3N: LA ARA\u00d1A ROJA: se desarrolla en ambientes secos, cuando la humedad relativa del aire es baja y las temperaturas elevadas.Se manifiesta [&hellip;]<\/p>\n","protected":false},"author":2,"featured_media":3146,"comment_status":"open","ping_status":"open","sticky":false,"template":"","format":"standard","meta":{"footnotes":""},"categories":[1],"tags":[],"class_list":["post-3102","post","type-post","status-publish","format-standard","has-post-thumbnail","hentry","category-jardineria-kuka"],"_links":{"self":[{"href":"https:\/\/jardineriakuka.com\/blog\/wp-json\/wp\/v2\/posts\/3102","targetHints":{"allow":["GET"]}}],"collection":[{"href":"https:\/\/jardineriakuka.com\/blog\/wp-json\/wp\/v2\/posts"}],"about":[{"href":"https:\/\/jardineriakuka.com\/blog\/wp-json\/wp\/v2\/types\/post"}],"author":[{"embeddable":true,"href":"https:\/\/jardineriakuka.com\/blog\/wp-json\/wp\/v2\/users\/2"}],"replies":[{"embeddable":true,"href":"https:\/\/jardineriakuka.com\/blog\/wp-json\/wp\/v2\/comments?post=3102"}],"version-history":[{"count":6,"href":"https:\/\/jardineriakuka.com\/blog\/wp-json\/wp\/v2\/posts\/3102\/revisions"}],"predecessor-version":[{"id":3143,"href":"https:\/\/jardineriakuka.com\/blog\/wp-json\/wp\/v2\/posts\/3102\/revisions\/3143"}],"wp:featuredmedia":[{"embeddable":true,"href":"https:\/\/jardineriakuka.com\/blog\/wp-json\/wp\/v2\/media\/3146"}],"wp:attachment":[{"href":"https:\/\/jardineriakuka.com\/blog\/wp-json\/wp\/v2\/media?parent=3102"}],"wp:term":[{"taxonomy":"category","embeddable":true,"href":"https:\/\/jardineriakuka.com\/blog\/wp-json\/wp\/v2\/categories?post=3102"},{"taxonomy":"post_tag","embeddable":true,"href":"https:\/\/jardineriakuka.com\/blog\/wp-json\/wp\/v2\/tags?post=3102"}],"curies":[{"name":"wp","href":"https:\/\/api.w.org\/{rel}","templated":true}]}}