{"id":3490,"date":"2022-12-19T09:15:37","date_gmt":"2022-12-19T09:15:37","guid":{"rendered":"https:\/\/jardineriakuka.com\/blog\/?p=3490"},"modified":"2022-12-19T09:39:14","modified_gmt":"2022-12-19T09:39:14","slug":"polygala-myrtifolia","status":"publish","type":"post","link":"https:\/\/jardineriakuka.com\/blog\/polygala-myrtifolia\/","title":{"rendered":"Polygala myrtifolia"},"content":{"rendered":"\t\t<div data-elementor-type=\"wp-post\" data-elementor-id=\"3490\" class=\"elementor elementor-3490\" data-elementor-post-type=\"post\">\n\t\t\t\t\t\t\t\t\t<section class=\"elementor-section elementor-top-section elementor-element elementor-element-952783e elementor-section-boxed elementor-section-height-default elementor-section-height-default\" data-id=\"952783e\" data-element_type=\"section\">\n\t\t\t\t\t\t<div class=\"elementor-container elementor-column-gap-wider\">\n\t\t\t\t\t<div class=\"elementor-column elementor-col-50 elementor-top-column elementor-element elementor-element-bbb9cc7\" data-id=\"bbb9cc7\" data-element_type=\"column\">\n\t\t\t<div class=\"elementor-widget-wrap elementor-element-populated\">\n\t\t\t\t\t\t\t\t<div class=\"elementor-element elementor-element-c3448bd elementor-widget elementor-widget-heading\" data-id=\"c3448bd\" data-element_type=\"widget\" data-widget_type=\"heading.default\">\n\t\t\t\t<div class=\"elementor-widget-container\">\n\t\t\t<h2 class=\"elementor-heading-title elementor-size-default\">Polygala Myrtifolia<\/h2>\t\t<\/div>\n\t\t\t\t<\/div>\n\t\t\t\t<div class=\"elementor-element elementor-element-a0d84bb elementor-widget elementor-widget-text-editor\" data-id=\"a0d84bb\" data-element_type=\"widget\" data-widget_type=\"text-editor.default\">\n\t\t\t\t<div class=\"elementor-widget-container\">\n\t\t\t\t\t\t\t<p>La Polygala Myrtifolia es la planta que no deber\u00eda faltar en ning\u00fan jard\u00edn.\u00a0<span style=\"color: var( --e-global-color-text ); font-family: var( --e-global-typography-text-font-family ), Sans-serif; font-weight: var( --e-global-typography-text-font-weight ); font-size: 1rem;\">Es un arbusto con una abundante floraci\u00f3n durante todo el a\u00f1o. Con pocos cuidados.<\/span><\/p>\n<p>La polygala es un arbusto ornamental perenne que se cultiva tanto en tierra como en tiestos, para jard\u00edn rocoso y parterres.<\/p>\n<p>\u00a0Una de las plantas m\u00e1s agradecidas del jard\u00edn. En climas c\u00e1lidos como el mediterr\u00e1neo suele florecer durante todo el a\u00f1o. Se puede utilizar en forma de copa en macetas. Para setos, en solitario, rocallas o como peque\u00f1o \u00e1rbol ornamental.<\/p>\t\t\t\t\t\t<\/div>\n\t\t\t\t<\/div>\n\t\t\t\t<div class=\"elementor-element elementor-element-0db112f elementor-align-center elementor-widget elementor-widget-button\" data-id=\"0db112f\" data-element_type=\"widget\" data-widget_type=\"button.default\">\n\t\t\t\t<div class=\"elementor-widget-container\">\n\t\t\t\t\t<div class=\"elementor-button-wrapper\">\n\t\t\t<a class=\"elementor-button elementor-button-link elementor-size-md\" href=\"https:\/\/jardineriakuka.com\/arbustos\/916-166150-polygala-myrtifolia.html#\/5591-arbustos-maceta_o_30_cm_alt_total_040_060_cm_bola\">\n\t\t\t\t\t\t<span class=\"elementor-button-content-wrapper\">\n\t\t\t\t\t\t<span class=\"elementor-button-text\">quiero una polygala para mi hogar<\/span>\n\t\t<\/span>\n\t\t\t\t\t<\/a>\n\t\t<\/div>\n\t\t\t\t<\/div>\n\t\t\t\t<\/div>\n\t\t\t\t\t<\/div>\n\t\t<\/div>\n\t\t\t\t<div class=\"elementor-column elementor-col-50 elementor-top-column elementor-element elementor-element-1397b8e\" data-id=\"1397b8e\" data-element_type=\"column\">\n\t\t\t<div class=\"elementor-widget-wrap elementor-element-populated\">\n\t\t\t\t\t\t\t\t<div class=\"elementor-element elementor-element-b504980 elementor-widget elementor-widget-image\" data-id=\"b504980\" data-element_type=\"widget\" data-widget_type=\"image.default\">\n\t\t\t\t<div class=\"elementor-widget-container\">\n\t\t\t\t\t\t\t\t\t\t\t\t\t\t\t\t<a href=\"https:\/\/jardineriakuka.com\/plantas-de-interior\/12157-123718-medinella-magnifica-flamenco.html#\/2758-colores_flores-rojo\/9347-plantas_de_interior-cont_o_17_cm_alt_total_040_060_cm_3_5_flores\">\n\t\t\t\t\t\t\t<img loading=\"lazy\" decoding=\"async\" width=\"600\" height=\"400\" src=\"https:\/\/jardineriakuka.com\/blog\/wp-content\/uploads\/2022\/12\/polygala-myrtiflora-jardineria-kuka.png\" class=\"attachment-medium_large size-medium_large wp-image-3529\" alt=\"\" srcset=\"https:\/\/jardineriakuka.com\/blog\/wp-content\/uploads\/2022\/12\/polygala-myrtiflora-jardineria-kuka.png 600w, https:\/\/jardineriakuka.com\/blog\/wp-content\/uploads\/2022\/12\/polygala-myrtiflora-jardineria-kuka-300x200.png 300w\" sizes=\"auto, (max-width: 600px) 100vw, 600px\" \/>\t\t\t\t\t\t\t\t<\/a>\n\t\t\t\t\t\t\t\t\t\t\t\t\t\t\t<\/div>\n\t\t\t\t<\/div>\n\t\t\t\t\t<\/div>\n\t\t<\/div>\n\t\t\t\t\t\t\t<\/div>\n\t\t<\/section>\n\t\t\t\t<section class=\"elementor-section elementor-top-section elementor-element elementor-element-9b41d17 elementor-section-boxed elementor-section-height-default elementor-section-height-default\" data-id=\"9b41d17\" data-element_type=\"section\" data-settings=\"{&quot;background_background&quot;:&quot;slideshow&quot;,&quot;background_slideshow_gallery&quot;:[],&quot;background_slideshow_loop&quot;:&quot;yes&quot;,&quot;background_slideshow_slide_duration&quot;:5000,&quot;background_slideshow_slide_transition&quot;:&quot;fade&quot;,&quot;background_slideshow_transition_duration&quot;:500}\">\n\t\t\t\t\t\t\t<div class=\"elementor-background-overlay\"><\/div>\n\t\t\t\t\t\t\t<div class=\"elementor-container elementor-column-gap-wider\">\n\t\t\t\t\t<div class=\"elementor-column elementor-col-100 elementor-top-column elementor-element elementor-element-7cdb4bc\" data-id=\"7cdb4bc\" data-element_type=\"column\" data-settings=\"{&quot;background_background&quot;:&quot;classic&quot;}\">\n\t\t\t<div class=\"elementor-widget-wrap elementor-element-populated\">\n\t\t\t\t\t\t\t\t<section class=\"elementor-section elementor-inner-section elementor-element elementor-element-35e3f5a elementor-section-boxed elementor-section-height-default elementor-section-height-default\" data-id=\"35e3f5a\" data-element_type=\"section\">\n\t\t\t\t\t\t<div class=\"elementor-container elementor-column-gap-wider\">\n\t\t\t\t\t<div class=\"elementor-column elementor-col-50 elementor-inner-column elementor-element elementor-element-5955262\" data-id=\"5955262\" data-element_type=\"column\">\n\t\t\t<div class=\"elementor-widget-wrap elementor-element-populated\">\n\t\t\t\t\t\t\t\t<div class=\"elementor-element elementor-element-d78c6a0 elementor-widget elementor-widget-text-editor\" data-id=\"d78c6a0\" data-element_type=\"widget\" data-widget_type=\"text-editor.default\">\n\t\t\t\t<div class=\"elementor-widget-container\">\n\t\t\t\t\t\t\t<p>Este flor\u00edfero arbusto de origen sudafricano produce racimos de flores de color malva desde la primavera hasta la llegada de los primeros d\u00edas del invierno, e incluso durante todo el a\u00f1o en las regiones m\u00e1s propicias.\u00a0<\/p>\n<p>Sufre cuando las temperaturas bajan de -5\u00b0C, por eso el \u00e1rea mediterr\u00e1nea y las zonas menos fr\u00edas del litoral atl\u00e1ntico son el h\u00e1bitat ideal de la\u00a0<em>Polygala myrtifolia.\u00a0<\/em><\/p>\n<p>Tolera el aire del mar y soporta el viento, por lo que resulta perfecta para jardines costeros. Mantiene el follaje todo el a\u00f1o y crece r\u00e1pidamente.<\/p>\n<p>En los centros de jardiner\u00eda la encontrar\u00e1s muchas veces podada en forma de arbolito, con un tallo le\u00f1oso delgado aunque muy resistente.<\/p>\n<p>En su estado natural es redonda con un di\u00e1metro de 2 metros, y alcanza una altura de 5 metros.<\/p>\n<p>\u00a0<\/p>\t\t\t\t\t\t<\/div>\n\t\t\t\t<\/div>\n\t\t\t\t\t<\/div>\n\t\t<\/div>\n\t\t\t\t<div class=\"elementor-column elementor-col-50 elementor-inner-column elementor-element elementor-element-7e3ff9c\" data-id=\"7e3ff9c\" data-element_type=\"column\">\n\t\t\t<div class=\"elementor-widget-wrap elementor-element-populated\">\n\t\t\t\t\t\t\t\t<div class=\"elementor-element elementor-element-c2c7535 elementor-widget elementor-widget-text-editor\" data-id=\"c2c7535\" data-element_type=\"widget\" data-widget_type=\"text-editor.default\">\n\t\t\t\t<div class=\"elementor-widget-container\">\n\t\t\t\t\t\t\t<p><b style=\"color: var( --e-global-color-text ); font-family: var( --e-global-typography-text-font-family ), Sans-serif; font-size: 1rem;\">Hojas<br \/><\/b><span style=\"color: var( --e-global-color-text ); font-family: var( --e-global-typography-text-font-family ), Sans-serif; font-weight: var( --e-global-typography-text-font-weight ); font-size: 1rem;\">Forma arbustos muy ramificados de 0,5 a 1,5 metros de altura, de porte redondeado. Las hojas son muy peque\u00f1as, estrechas y ovaladas, parecidas a las de algunas mirt\u00e1ceas, de all\u00ed el nombre de la especie. Forman un denso follaje de color verde claro u oscuro que ofrece un perfecto contraste a las flores.<\/span><\/p>\n<p><b>Flores<br \/><\/b><span style=\"color: var( --e-global-color-text ); font-family: var( --e-global-typography-text-font-family ), Sans-serif; font-weight: var( --e-global-typography-text-font-weight ); font-size: 1rem;\">Las flores consisten en dos p\u00e9talos de color malva o p\u00farpura unidos formando un \u00e1ngulo abierto, como las alas de una mariposa, con un llamativo mech\u00f3n de estambres m\u00e1s claros en la quilla. Se agrupan en racimos.<\/span><\/p>\n<p><span style=\"color: var( --e-global-color-text ); font-family: var( --e-global-typography-text-font-family ), Sans-serif; font-weight: var( --e-global-typography-text-font-weight ); font-size: 1rem;\">Florece pr\u00e1cticamente todo el a\u00f1o, con flores color purpura con cierta semejanza a las flores de las orqu\u00eddeas.<\/span><\/p>\n<p><!-- \/wp:paragraph --><!-- wp:paragraph --><\/p>\n<p>\u00a0<\/p>\t\t\t\t\t\t<\/div>\n\t\t\t\t<\/div>\n\t\t\t\t\t<\/div>\n\t\t<\/div>\n\t\t\t\t\t\t\t<\/div>\n\t\t<\/section>\n\t\t\t\t\t<\/div>\n\t\t<\/div>\n\t\t\t\t\t\t\t<\/div>\n\t\t<\/section>\n\t\t\t\t<section class=\"elementor-section elementor-top-section elementor-element elementor-element-00abf1e elementor-section-boxed elementor-section-height-default elementor-section-height-default\" data-id=\"00abf1e\" data-element_type=\"section\">\n\t\t\t\t\t\t<div class=\"elementor-container elementor-column-gap-wider\">\n\t\t\t\t\t<div class=\"elementor-column elementor-col-50 elementor-top-column elementor-element elementor-element-42d6b91\" data-id=\"42d6b91\" data-element_type=\"column\">\n\t\t\t<div class=\"elementor-widget-wrap elementor-element-populated\">\n\t\t\t\t\t\t\t\t<div class=\"elementor-element elementor-element-709b6c6 elementor-widget elementor-widget-heading\" data-id=\"709b6c6\" data-element_type=\"widget\" data-widget_type=\"heading.default\">\n\t\t\t\t<div class=\"elementor-widget-container\">\n\t\t\t<h2 class=\"elementor-heading-title elementor-size-default\">Necesidades de la Polygala<\/h2>\t\t<\/div>\n\t\t\t\t<\/div>\n\t\t\t\t<div class=\"elementor-element elementor-element-a841233 elementor-widget elementor-widget-text-editor\" data-id=\"a841233\" data-element_type=\"widget\" data-widget_type=\"text-editor.default\">\n\t\t\t\t<div class=\"elementor-widget-container\">\n\t\t\t\t\t\t\t<p><strong>Iluminaci\u00f3n:\u00a0<\/strong>Pleno sol y tambi\u00e9n a la semisombra.<\/p>\n<p><strong>Temperatura:<\/strong> No soporta heladas. Climas c\u00e1lidos.<\/p>\n<p><strong>Suelo:<\/strong> F\u00e9rtil y bien drenado.<\/p>\n<p><strong>Riego:<\/strong> Es necesario en la plantaci\u00f3n, en la fase juvenil y en el per\u00edodo estival, con bastante frecuencia si la temperatura es elevada.<\/p>\n<p><strong>Abonado:<\/strong> Abonar seg\u00fan el calendario.<\/p>\n<p><strong>Podas:<\/strong> Quitar las ramas secas o deterioradas, es muy importante las podar de formaci\u00f3n, no esperar a que este sin flor, por que nunca esta sin flor y se pierden las formas.<\/p>\n<p><strong>Plagas:<\/strong> El problema principal son las larvas de los insectos, que roen las hojas, los tallos y el cuello. se controlan con tratamientos a base de sevin.<\/p>\n<p><strong>Cultivo:<\/strong> Necesita sol para florecer en abundancia. El sustrato puede ser neutro, \u00e1cido o alcalino, siempre que sea ligero y con buen drenaje. Lo ideal es que sea f\u00e9rtil y fresco, pero esta especie tambi\u00e9n es capaz de vivir en suelos pobres y secos, y resistir periodos de sequ\u00eda. Por ello se la considera apta para la xerojardiner\u00eda.<\/p>\t\t\t\t\t\t<\/div>\n\t\t\t\t<\/div>\n\t\t\t\t\t<\/div>\n\t\t<\/div>\n\t\t\t\t<div class=\"elementor-column elementor-col-50 elementor-top-column elementor-element elementor-element-da76280\" data-id=\"da76280\" data-element_type=\"column\">\n\t\t\t<div class=\"elementor-widget-wrap elementor-element-populated\">\n\t\t\t\t\t\t\t\t<div class=\"elementor-element elementor-element-26035cd elementor-widget elementor-widget-heading\" data-id=\"26035cd\" data-element_type=\"widget\" data-widget_type=\"heading.default\">\n\t\t\t\t<div class=\"elementor-widget-container\">\n\t\t\t<h2 class=\"elementor-heading-title elementor-size-default\">C\u00f3mo cuidar de la Polygala<\/h2>\t\t<\/div>\n\t\t\t\t<\/div>\n\t\t\t\t<div class=\"elementor-element elementor-element-b2ecb6f elementor-widget elementor-widget-text-editor\" data-id=\"b2ecb6f\" data-element_type=\"widget\" data-widget_type=\"text-editor.default\">\n\t\t\t\t<div class=\"elementor-widget-container\">\n\t\t\t\t\t\t\t<p>La Poligala es una planta de f\u00e1cil mantenimiento. Agradece los riegos regulares, sobre todo en verano, y m\u00e1s aun si vive en una maceta. Si hiciera falta una poda para darle forma conviene que sea ligera y se efect\u00fae al final del invierno, aunque estuviera con flor.<\/p>\n<p>En las zonas m\u00e1s fr\u00edas o donde hiela se la debe proteger en invierno o llevarla a cubierto. Usos Se puede utilizar en el jard\u00edn en solitario, en macizos o formando setos, y en los tiestos de la terraza o el patio.\u00a0<\/p>\t\t\t\t\t\t<\/div>\n\t\t\t\t<\/div>\n\t\t\t\t<div class=\"elementor-element elementor-element-244a790 elementor-align-center elementor-widget elementor-widget-button\" data-id=\"244a790\" data-element_type=\"widget\" data-widget_type=\"button.default\">\n\t\t\t\t<div class=\"elementor-widget-container\">\n\t\t\t\t\t<div class=\"elementor-button-wrapper\">\n\t\t\t<a class=\"elementor-button elementor-button-link elementor-size-md\" href=\"https:\/\/jardineriakuka.com\/arbustos\/916-166150-polygala-myrtifolia.html#\/5591-arbustos-maceta_o_30_cm_alt_total_040_060_cm_bola\">\n\t\t\t\t\t\t<span class=\"elementor-button-content-wrapper\">\n\t\t\t\t\t\t<span class=\"elementor-button-text\">quiero una polygala para mi hogar<\/span>\n\t\t<\/span>\n\t\t\t\t\t<\/a>\n\t\t<\/div>\n\t\t\t\t<\/div>\n\t\t\t\t<\/div>\n\t\t\t\t<div class=\"elementor-element elementor-element-3e57410 elementor-widget elementor-widget-heading\" data-id=\"3e57410\" data-element_type=\"widget\" data-widget_type=\"heading.default\">\n\t\t\t\t<div class=\"elementor-widget-container\">\n\t\t\t<h2 class=\"elementor-heading-title elementor-size-default\">Un arbusto de abundante floraci\u00f3n y hoja durante todo el a\u00f1o. De crecimiento r\u00e1pido y muy resistente.<\/h2>\t\t<\/div>\n\t\t\t\t<\/div>\n\t\t\t\t\t<\/div>\n\t\t<\/div>\n\t\t\t\t\t\t\t<\/div>\n\t\t<\/section>\n\t\t\t\t<section class=\"elementor-section elementor-top-section elementor-element elementor-element-9a893ff elementor-section-boxed elementor-section-height-default elementor-section-height-default\" data-id=\"9a893ff\" data-element_type=\"section\">\n\t\t\t\t\t\t<div class=\"elementor-container elementor-column-gap-wider\">\n\t\t\t\t\t<div class=\"elementor-column elementor-col-50 elementor-top-column elementor-element elementor-element-0c58470\" data-id=\"0c58470\" data-element_type=\"column\">\n\t\t\t<div class=\"elementor-widget-wrap elementor-element-populated\">\n\t\t\t\t\t\t\t\t<div class=\"elementor-element elementor-element-96e9180 elementor-widget elementor-widget-image\" data-id=\"96e9180\" data-element_type=\"widget\" data-widget_type=\"image.default\">\n\t\t\t\t<div class=\"elementor-widget-container\">\n\t\t\t\t\t\t\t\t\t\t\t\t\t\t\t\t<a href=\"https:\/\/jardineriakuka.com\/plantas-de-interior\/3939-166190-poinsettia-multiflora.html#\/2613-aromaticas_horticolas_cactaceas_vivaces-cont_o_14_cm\/2758-colores_flores-rojo\">\n\t\t\t\t\t\t\t<img loading=\"lazy\" decoding=\"async\" width=\"600\" height=\"400\" src=\"https:\/\/jardineriakuka.com\/blog\/wp-content\/uploads\/2022\/12\/polygala-jardineria-kuka.png\" class=\"attachment-medium_large size-medium_large wp-image-3528\" alt=\"\" srcset=\"https:\/\/jardineriakuka.com\/blog\/wp-content\/uploads\/2022\/12\/polygala-jardineria-kuka.png 600w, https:\/\/jardineriakuka.com\/blog\/wp-content\/uploads\/2022\/12\/polygala-jardineria-kuka-300x200.png 300w\" sizes=\"auto, (max-width: 600px) 100vw, 600px\" \/>\t\t\t\t\t\t\t\t<\/a>\n\t\t\t\t\t\t\t\t\t\t\t\t\t\t\t<\/div>\n\t\t\t\t<\/div>\n\t\t\t\t\t<\/div>\n\t\t<\/div>\n\t\t\t\t<div class=\"elementor-column elementor-col-50 elementor-top-column elementor-element elementor-element-1d697b0\" data-id=\"1d697b0\" data-element_type=\"column\">\n\t\t\t<div class=\"elementor-widget-wrap elementor-element-populated\">\n\t\t\t\t\t\t\t\t<div class=\"elementor-element elementor-element-3e5cb96 elementor-widget elementor-widget-heading\" data-id=\"3e5cb96\" data-element_type=\"widget\" data-widget_type=\"heading.default\">\n\t\t\t\t<div class=\"elementor-widget-container\">\n\t\t\t<h2 class=\"elementor-heading-title elementor-size-default\">Curiosidades sobre la Polygala<\/h2>\t\t<\/div>\n\t\t\t\t<\/div>\n\t\t\t\t<div class=\"elementor-element elementor-element-08814e5 elementor-widget elementor-widget-text-editor\" data-id=\"08814e5\" data-element_type=\"widget\" data-widget_type=\"text-editor.default\">\n\t\t\t\t<div class=\"elementor-widget-container\">\n\t\t\t\t\t\t\t<p>En su h\u00e1bitat natural, la generosa floraci\u00f3n de la Polygala myrtifolia es capaz de sortear la dureza del clima costero tanto como la sequedad del interior de la regi\u00f3n del Cabo, en Sud\u00e1frica, desde las monta\u00f1as Bokkenveld, en el oeste, a la provincia de Kwazulu-Natal, sobre el \u00cdndico.<\/p>\n<p>Esta capacidad adaptativa y su rendimiento se han convertido en la clave de su \u00e9xito en jardiner\u00eda. En su regi\u00f3n nativa existe tambi\u00e9n una Polygala myrtifolia de flores blancas y hojas de una suave tonalidad plateada.<\/p>\n<p>\u00a0Estas especies pertenecen a una familia \u2014Polygalaceae\u2014 que debe su nombre a las palabras griegas poly, que significa mucho, y gala, leche, por la capacidad de algunos de las 950 especies de sus 17 g\u00e9neros de producir una savia lechosa.<\/p>\t\t\t\t\t\t<\/div>\n\t\t\t\t<\/div>\n\t\t\t\t\t<\/div>\n\t\t<\/div>\n\t\t\t\t\t\t\t<\/div>\n\t\t<\/section>\n\t\t\t\t\t\t\t<\/div>\n\t\t","protected":false},"excerpt":{"rendered":"<p>Polygala Myrtifolia La Polygala Myrtifolia es la planta que no deber\u00eda faltar en ning\u00fan jard\u00edn.\u00a0Es un arbusto con una abundante floraci\u00f3n durante todo el a\u00f1o. Con pocos cuidados. La polygala es un arbusto ornamental perenne que se cultiva tanto en tierra como en tiestos, para jard\u00edn rocoso y parterres. \u00a0Una de las plantas m\u00e1s agradecidas [&hellip;]<\/p>\n","protected":false},"author":2,"featured_media":0,"comment_status":"open","ping_status":"open","sticky":false,"template":"","format":"standard","meta":{"footnotes":""},"categories":[1],"tags":[],"class_list":["post-3490","post","type-post","status-publish","format-standard","hentry","category-jardineria-kuka"],"_links":{"self":[{"href":"https:\/\/jardineriakuka.com\/blog\/wp-json\/wp\/v2\/posts\/3490","targetHints":{"allow":["GET"]}}],"collection":[{"href":"https:\/\/jardineriakuka.com\/blog\/wp-json\/wp\/v2\/posts"}],"about":[{"href":"https:\/\/jardineriakuka.com\/blog\/wp-json\/wp\/v2\/types\/post"}],"author":[{"embeddable":true,"href":"https:\/\/jardineriakuka.com\/blog\/wp-json\/wp\/v2\/users\/2"}],"replies":[{"embeddable":true,"href":"https:\/\/jardineriakuka.com\/blog\/wp-json\/wp\/v2\/comments?post=3490"}],"version-history":[{"count":16,"href":"https:\/\/jardineriakuka.com\/blog\/wp-json\/wp\/v2\/posts\/3490\/revisions"}],"predecessor-version":[{"id":3543,"href":"https:\/\/jardineriakuka.com\/blog\/wp-json\/wp\/v2\/posts\/3490\/revisions\/3543"}],"wp:attachment":[{"href":"https:\/\/jardineriakuka.com\/blog\/wp-json\/wp\/v2\/media?parent=3490"}],"wp:term":[{"taxonomy":"category","embeddable":true,"href":"https:\/\/jardineriakuka.com\/blog\/wp-json\/wp\/v2\/categories?post=3490"},{"taxonomy":"post_tag","embeddable":true,"href":"https:\/\/jardineriakuka.com\/blog\/wp-json\/wp\/v2\/tags?post=3490"}],"curies":[{"name":"wp","href":"https:\/\/api.w.org\/{rel}","templated":true}]}}