{"id":3597,"date":"2023-03-16T12:05:03","date_gmt":"2023-03-16T12:05:03","guid":{"rendered":"https:\/\/jardineriakuka.com\/blog\/?p=3597"},"modified":"2023-03-16T12:05:09","modified_gmt":"2023-03-16T12:05:09","slug":"el-primer-abonado-a-fondo-del-ano","status":"publish","type":"post","link":"https:\/\/jardineriakuka.com\/blog\/el-primer-abonado-a-fondo-del-ano\/","title":{"rendered":"El primer abonado a fondo del a\u00f1o."},"content":{"rendered":"\t\t<div data-elementor-type=\"wp-post\" data-elementor-id=\"3597\" class=\"elementor elementor-3597\" data-elementor-post-type=\"post\">\n\t\t\t\t\t\t\t\t\t<section class=\"elementor-section elementor-top-section elementor-element elementor-element-720b30a elementor-section-boxed elementor-section-height-default elementor-section-height-default\" data-id=\"720b30a\" data-element_type=\"section\">\n\t\t\t\t\t\t<div class=\"elementor-container elementor-column-gap-default\">\n\t\t\t\t\t<div class=\"elementor-column elementor-col-100 elementor-top-column elementor-element elementor-element-677a151\" data-id=\"677a151\" data-element_type=\"column\">\n\t\t\t<div class=\"elementor-widget-wrap elementor-element-populated\">\n\t\t\t\t\t\t\t\t<div class=\"elementor-element elementor-element-430ed2a elementor-widget elementor-widget-heading\" data-id=\"430ed2a\" data-element_type=\"widget\" data-widget_type=\"heading.default\">\n\t\t\t\t<div class=\"elementor-widget-container\">\n\t\t\t<h2 class=\"elementor-heading-title elementor-size-medium\">La primavera es la mejor \u00e9poca del a\u00f1o, en la que los jardines comienzan a despertar de la \"hibernaci\u00f3n\". <br>Los d\u00edas se alargan, las temperaturas aumentan y la luz del sol es m\u00e1s intensa. Es por eso, que es el momento perfecto para realizar el primer abonado de fondo de tu jard\u00edn.<\/h2>\t\t<\/div>\n\t\t\t\t<\/div>\n\t\t\t\t\t<\/div>\n\t\t<\/div>\n\t\t\t\t\t\t\t<\/div>\n\t\t<\/section>\n\t\t\t\t<section class=\"elementor-section elementor-top-section elementor-element elementor-element-571009e elementor-section-boxed elementor-section-height-default elementor-section-height-default\" data-id=\"571009e\" data-element_type=\"section\">\n\t\t\t\t\t\t<div class=\"elementor-container elementor-column-gap-default\">\n\t\t\t\t\t<div class=\"elementor-column elementor-col-50 elementor-top-column elementor-element elementor-element-7bbadb3\" data-id=\"7bbadb3\" data-element_type=\"column\">\n\t\t\t<div class=\"elementor-widget-wrap elementor-element-populated\">\n\t\t\t\t\t\t\t\t<div class=\"elementor-element elementor-element-a5302a4 elementor-widget elementor-widget-text-editor\" data-id=\"a5302a4\" data-element_type=\"widget\" data-widget_type=\"text-editor.default\">\n\t\t\t\t<div class=\"elementor-widget-container\">\n\t\t\t\t\t\t\t<p>\u00a0<\/p><p><span style=\"color: var( --e-global-color-text ); font-family: var( --e-global-typography-text-font-family ), Sans-serif; font-weight: var( --e-global-typography-text-font-weight ); font-size: 1rem;\">El abono es fundamental para que las plantas crezcan fuertes y saludables, y es especialmente importante en primavera, cuando las plantas empiezan a crecer con m\u00e1s fuerza.<\/span><\/p><p><span style=\"color: var( --e-global-color-text ); font-family: var( --e-global-typography-text-font-family ), Sans-serif; font-weight: var( --e-global-typography-text-font-weight ); font-size: 1rem;\">\u00a0<\/span><\/p><p>Debemos tener en cuenta, que todos los abonos no son iguales. Es importante elegir un abono de calidad, que aporte los nutrientes necesarios que necesitan nuestras plantas y que no contaminen el suelo ni el agua.<\/p>\t\t\t\t\t\t<\/div>\n\t\t\t\t<\/div>\n\t\t\t\t\t<\/div>\n\t\t<\/div>\n\t\t\t\t<div class=\"elementor-column elementor-col-50 elementor-top-column elementor-element elementor-element-fe8c77a\" data-id=\"fe8c77a\" data-element_type=\"column\">\n\t\t\t<div class=\"elementor-widget-wrap elementor-element-populated\">\n\t\t\t\t\t\t\t\t<div class=\"elementor-element elementor-element-89eb94e elementor-widget elementor-widget-image\" data-id=\"89eb94e\" data-element_type=\"widget\" data-widget_type=\"image.default\">\n\t\t\t\t<div class=\"elementor-widget-container\">\n\t\t\t\t\t\t\t\t\t\t\t\t\t\t\t<img loading=\"lazy\" decoding=\"async\" width=\"300\" height=\"300\" src=\"https:\/\/jardineriakuka.com\/blog\/wp-content\/uploads\/2023\/03\/BLOG-1-300x300.jpg\" class=\"attachment-medium size-medium wp-image-3604\" alt=\"plantas en primavera\" srcset=\"https:\/\/jardineriakuka.com\/blog\/wp-content\/uploads\/2023\/03\/BLOG-1-300x300.jpg 300w, https:\/\/jardineriakuka.com\/blog\/wp-content\/uploads\/2023\/03\/BLOG-1-150x150.jpg 150w, https:\/\/jardineriakuka.com\/blog\/wp-content\/uploads\/2023\/03\/BLOG-1.jpg 700w\" sizes=\"auto, (max-width: 300px) 100vw, 300px\" \/>\t\t\t\t\t\t\t\t\t\t\t\t\t\t\t<\/div>\n\t\t\t\t<\/div>\n\t\t\t\t\t<\/div>\n\t\t<\/div>\n\t\t\t\t\t\t\t<\/div>\n\t\t<\/section>\n\t\t\t\t<section class=\"elementor-section elementor-top-section elementor-element elementor-element-079a073 elementor-section-boxed elementor-section-height-default elementor-section-height-default\" data-id=\"079a073\" data-element_type=\"section\">\n\t\t\t\t\t\t<div class=\"elementor-container elementor-column-gap-default\">\n\t\t\t\t\t<div class=\"elementor-column elementor-col-50 elementor-top-column elementor-element elementor-element-ffea39d\" data-id=\"ffea39d\" data-element_type=\"column\">\n\t\t\t<div class=\"elementor-widget-wrap elementor-element-populated\">\n\t\t\t\t\t\t\t\t<div class=\"elementor-element elementor-element-c0653b8 elementor-widget elementor-widget-image\" data-id=\"c0653b8\" data-element_type=\"widget\" data-widget_type=\"image.default\">\n\t\t\t\t<div class=\"elementor-widget-container\">\n\t\t\t\t\t\t\t\t\t\t\t\t\t\t\t\t<a href=\"https:\/\/jardineriakuka.com\/abonos-ecologicos\/8670-55286-abono-organico-estiercol-de-caballo.html#\/6192-envases-50_litros\">\n\t\t\t\t\t\t\t<img loading=\"lazy\" decoding=\"async\" width=\"576\" height=\"1024\" src=\"https:\/\/jardineriakuka.com\/blog\/wp-content\/uploads\/2023\/03\/BLOG-2-576x1024.jpg\" class=\"attachment-large size-large wp-image-3618\" alt=\"abono org\u00e1nico cballo\" srcset=\"https:\/\/jardineriakuka.com\/blog\/wp-content\/uploads\/2023\/03\/BLOG-2-576x1024.jpg 576w, https:\/\/jardineriakuka.com\/blog\/wp-content\/uploads\/2023\/03\/BLOG-2-169x300.jpg 169w, https:\/\/jardineriakuka.com\/blog\/wp-content\/uploads\/2023\/03\/BLOG-2-768x1365.jpg 768w, https:\/\/jardineriakuka.com\/blog\/wp-content\/uploads\/2023\/03\/BLOG-2-864x1536.jpg 864w, https:\/\/jardineriakuka.com\/blog\/wp-content\/uploads\/2023\/03\/BLOG-2.jpg 1080w\" sizes=\"auto, (max-width: 576px) 100vw, 576px\" \/>\t\t\t\t\t\t\t\t<\/a>\n\t\t\t\t\t\t\t\t\t\t\t\t\t\t\t<\/div>\n\t\t\t\t<\/div>\n\t\t\t\t\t<\/div>\n\t\t<\/div>\n\t\t\t\t<div class=\"elementor-column elementor-col-50 elementor-top-column elementor-element elementor-element-fe83da0\" data-id=\"fe83da0\" data-element_type=\"column\">\n\t\t\t<div class=\"elementor-widget-wrap elementor-element-populated\">\n\t\t\t\t\t\t\t\t<div class=\"elementor-element elementor-element-28070af elementor-widget elementor-widget-text-editor\" data-id=\"28070af\" data-element_type=\"widget\" data-widget_type=\"text-editor.default\">\n\t\t\t\t<div class=\"elementor-widget-container\">\n\t\t\t\t\t\t\t<p>El abono org\u00e1nico es una excelente opci\u00f3n para abonar el jard\u00edn. El esti\u00e9rcol de caballo, es uno de los abonos org\u00e1nicos m\u00e1s utilizados por los jardineros, ya que es rico en nutrientes y mejora la estructura del suelo. Sin embargo, es importante elegir un esti\u00e9rcol tratado a altas temperaturas, para evitar que las semillas de las hierbas que haya comido el caballo germinen en nuestro jard\u00edn. Algunas marcas no tratan el esti\u00e9rcol a altas temperaturas, por lo que al abonar nuestro jard\u00edn, estar\u00edamos tambi\u00e9n sembrando hierbas no deseadas.<\/p><p>\u00a0<\/p><p>El abono org\u00e1nico, nosotros ofrecemos un esti\u00e9rcol de caballo tratado a altas temperaturas, para que puedas abonar tu jard\u00edn con tal confianza. Nuestro esti\u00e9rcol es de alta calidad y est\u00e1 libre de semillas y malas hierbas. Adem\u00e1s, es un abono org\u00e1nico que aporta los nutrientes necesarios a las plantas, sin contaminar el suelo ni el agua.<\/p><p>\u00a0<\/p><p>Abonar tu jard\u00edn con nuestro esti\u00e9rcol de caballo, es una excelente opci\u00f3n, para mantener tus plantas fuertes y saludables. Adem\u00e1s, estar\u00e1s cuidando el medio ambiente, ya que nuestro abono es 100% org\u00e1nico y no contiene productos qu\u00edmicos.\u00a0<\/p><p>\u00a0<\/p><p>No esperes m\u00e1s y realice el primer abonado de fondo de tu jard\u00edn, para disfrutar de un jard\u00edn hermoso y saludable.<\/p>\t\t\t\t\t\t<\/div>\n\t\t\t\t<\/div>\n\t\t\t\t\t<\/div>\n\t\t<\/div>\n\t\t\t\t\t\t\t<\/div>\n\t\t<\/section>\n\t\t\t\t\t\t\t<\/div>\n\t\t","protected":false},"excerpt":{"rendered":"<p>La primavera es la mejor \u00e9poca del a\u00f1o, en la que los jardines comienzan a despertar de la \u00abhibernaci\u00f3n\u00bb. Los d\u00edas se alargan, las temperaturas aumentan y la luz del sol es m\u00e1s intensa. Es por eso, que es el momento perfecto para realizar el primer abonado de fondo de tu jard\u00edn. \u00a0 El abono [&hellip;]<\/p>\n","protected":false},"author":2,"featured_media":3600,"comment_status":"open","ping_status":"open","sticky":false,"template":"","format":"standard","meta":{"footnotes":""},"categories":[10],"tags":[],"class_list":["post-3597","post","type-post","status-publish","format-standard","has-post-thumbnail","hentry","category-abonado-c10"],"_links":{"self":[{"href":"https:\/\/jardineriakuka.com\/blog\/wp-json\/wp\/v2\/posts\/3597","targetHints":{"allow":["GET"]}}],"collection":[{"href":"https:\/\/jardineriakuka.com\/blog\/wp-json\/wp\/v2\/posts"}],"about":[{"href":"https:\/\/jardineriakuka.com\/blog\/wp-json\/wp\/v2\/types\/post"}],"author":[{"embeddable":true,"href":"https:\/\/jardineriakuka.com\/blog\/wp-json\/wp\/v2\/users\/2"}],"replies":[{"embeddable":true,"href":"https:\/\/jardineriakuka.com\/blog\/wp-json\/wp\/v2\/comments?post=3597"}],"version-history":[{"count":25,"href":"https:\/\/jardineriakuka.com\/blog\/wp-json\/wp\/v2\/posts\/3597\/revisions"}],"predecessor-version":[{"id":3627,"href":"https:\/\/jardineriakuka.com\/blog\/wp-json\/wp\/v2\/posts\/3597\/revisions\/3627"}],"wp:featuredmedia":[{"embeddable":true,"href":"https:\/\/jardineriakuka.com\/blog\/wp-json\/wp\/v2\/media\/3600"}],"wp:attachment":[{"href":"https:\/\/jardineriakuka.com\/blog\/wp-json\/wp\/v2\/media?parent=3597"}],"wp:term":[{"taxonomy":"category","embeddable":true,"href":"https:\/\/jardineriakuka.com\/blog\/wp-json\/wp\/v2\/categories?post=3597"},{"taxonomy":"post_tag","embeddable":true,"href":"https:\/\/jardineriakuka.com\/blog\/wp-json\/wp\/v2\/tags?post=3597"}],"curies":[{"name":"wp","href":"https:\/\/api.w.org\/{rel}","templated":true}]}}